{"id":186086,"date":"2021-06-21T20:57:33","date_gmt":"2021-06-21T17:57:33","guid":{"rendered":"http:\/\/107.6.182.27\/es\/?p=186086"},"modified":"2021-06-21T20:57:33","modified_gmt":"2021-06-21T17:57:33","slug":"siria-e-iraq-abordan-cooperacion-conjunta-en-ambito-judicial","status":"publish","type":"post","link":"https:\/\/archive.sana.sy\/es\/?p=186086","title":{"rendered":"Siria e Iraq abordan cooperaci\u00f3n conjunta en \u00e1mbito judicial"},"content":{"rendered":"<p><span style=\"color: #800000;\">Bagdad, SANA<\/span><\/p>\n<p style=\"text-align: justify;\">El ministro de Justicia iraqu\u00ed, Salar Abdul Sattar Muhammad, repas\u00f3 con el embajador sirio en Bagdad, Sattam Jadaan Al-Dandah, las perspectivas de cooperaci\u00f3n y coordinaci\u00f3n conjunta entre los dos pa\u00edses en el \u00e1mbito judicial.<\/p>\n<p style=\"text-align: justify;\">\u201cSe abord\u00f3 la fijaci\u00f3n de una fecha para la firma de un acuerdo de entendimiento en los campos jur\u00eddico y judicial entre los Ministerios de Justicia de Iraq y Siria, en fin de desarrollar las capacidades de los empleados del Ministerio iraqu\u00ed&#8221;, declar\u00f3 el Ministerio de Justicia iraqu\u00ed en un comunicado.<\/p>\n<p style=\"text-align: justify;\">Durante la reuni\u00f3n, el titular iraqu\u00ed destac\u00f3 la profundidad de las relaciones entre Iraq y Siria, y la necesidad de fortalecerlas en beneficio de los dos pueblos hermanos.<\/p>\n<p style=\"text-align: justify;\">Por su parte, el Embajador Al-Dandah afirm\u00f3 a SANA el apoyo de Siria a Iraq en todos los campos, incluido el jur\u00eddico y judicial, en beneficio de ambas partes.<\/p>\n<p style=\"text-align: justify;\">\u201cSiria dirigi\u00f3 una invitaci\u00f3n al ministro iraqu\u00ed para visitar Siria y examinar el acuerdo para el desarrollo de la cooperaci\u00f3n judicial en los campos penal, civil y personal, y la extradici\u00f3n de criminales y condenados a los tribunales, y el ministro acept\u00f3 la invitaci\u00f3n y prometi\u00f3 visitar Siria lo antes posible\u201d, indic\u00f3 el Embajador.<\/p>\n<p><span style=\"color: #0000ff;\">rr\/fm<\/span><\/p>\n","protected":false},"excerpt":{"rendered":"<p>Bagdad, SANA El ministro de Justicia iraqu\u00ed, Salar Abdul Sattar Muhammad, repas\u00f3 con el embajador sirio en Bagdad, Sattam Jadaan Al-Dandah, las perspectivas de cooperaci\u00f3n y coordinaci\u00f3n conjunta entre los dos pa\u00edses en el \u00e1mbito judicial. \u201cSe abord\u00f3 la fijaci\u00f3n de una fecha para la firma de un acuerdo de entendimiento en los campos jur\u00eddico &hellip;<\/p>\n","protected":false},"author":31,"featured_media":186087,"comment_status":"closed","ping_status":"closed","sticky":false,"template":"","format":"standard","meta":{"footnotes":""},"categories":[597,467],"tags":[],"class_list":["post-186086","post","type-post","status-publish","format-standard","has-post-thumbnail","","category-cinta-de-noticias","category-siria-y-el-mundo"],"_links":{"self":[{"href":"https:\/\/archive.sana.sy\/es\/index.php?rest_route=\/wp\/v2\/posts\/186086"}],"collection":[{"href":"https:\/\/archive.sana.sy\/es\/index.php?rest_route=\/wp\/v2\/posts"}],"about":[{"href":"https:\/\/archive.sana.sy\/es\/index.php?rest_route=\/wp\/v2\/types\/post"}],"author":[{"embeddable":true,"href":"https:\/\/archive.sana.sy\/es\/index.php?rest_route=\/wp\/v2\/users\/31"}],"replies":[{"embeddable":true,"href":"https:\/\/archive.sana.sy\/es\/index.php?rest_route=%2Fwp%2Fv2%2Fcomments&post=186086"}],"version-history":[{"count":0,"href":"https:\/\/archive.sana.sy\/es\/index.php?rest_route=\/wp\/v2\/posts\/186086\/revisions"}],"wp:featuredmedia":[{"embeddable":true,"href":"https:\/\/archive.sana.sy\/es\/index.php?rest_route=\/wp\/v2\/media\/186087"}],"wp:attachment":[{"href":"https:\/\/archive.sana.sy\/es\/index.php?rest_route=%2Fwp%2Fv2%2Fmedia&parent=186086"}],"wp:term":[{"taxonomy":"category","embeddable":true,"href":"https:\/\/archive.sana.sy\/es\/index.php?rest_route=%2Fwp%2Fv2%2Fcategories&post=186086"},{"taxonomy":"post_tag","embeddable":true,"href":"https:\/\/archive.sana.sy\/es\/index.php?rest_route=%2Fwp%2Fv2%2Ftags&post=186086"}],"curies":[{"name":"wp","href":"https:\/\/api.w.org\/{rel}","templated":true}]}}