{"id":186158,"date":"2021-06-22T12:25:09","date_gmt":"2021-06-22T09:25:09","guid":{"rendered":"http:\/\/107.6.182.27\/es\/?p=186158"},"modified":"2023-01-10T14:28:00","modified_gmt":"2023-01-10T12:28:00","slug":"mercenarios-proturcos-secuestran-cuatro-enfermeras-del-hospital-tal-abyad-raqa","status":"publish","type":"post","link":"https:\/\/archive.sana.sy\/es\/?p=186158","title":{"rendered":"Mercenarios proturcos secuestran cuatro enfermeras del Hospital Tal Abyad, Raqa"},"content":{"rendered":"<p style=\"text-align: justify;\"><span style=\"color: #800000;\"><strong>Raqa, SANA<\/strong><\/span><\/p>\n<p style=\"text-align: justify;\">Las fuerzas de ocupaci\u00f3n turcas y sus mercenarios terroristas continuaron sus acciones hostiles contra los civiles en las zonas ocupadas en el norte de la provincia de Raqa.<\/p>\n<p style=\"text-align: justify;\">Activistas locales informaron a SANA que los mercenarios secuestraron a cuatro enfermeras del hospital de Tal Abyad y las llevaron a un destino desconocido.<\/p>\n<p style=\"text-align: justify;\">Las organizaciones terroristas respaldadas por el ocupante turco incrementan sus acciones hostiles contra los civiles dentro de las \u00e1reas que ocupan con el objetivo de expulsarlos para apoderarse de sus casas y propiedades, implementando as\u00ed un vil plan turco de cambio demogr\u00e1fico en la zona.<\/p>\n<p style=\"text-align: justify;\"><strong><span style=\"color: #0000ff;\">ed\/fm<\/span><\/strong><\/p>\n","protected":false},"excerpt":{"rendered":"<p>Raqa, SANA Las fuerzas de ocupaci\u00f3n turcas y sus mercenarios terroristas continuaron sus acciones hostiles contra los civiles en las zonas ocupadas en el norte de la provincia de Raqa. Activistas locales informaron a SANA que los mercenarios secuestraron a cuatro enfermeras del hospital de Tal Abyad y las llevaron a un destino desconocido. Las &hellip;<\/p>\n","protected":false},"author":32,"featured_media":136901,"comment_status":"closed","ping_status":"closed","sticky":false,"template":"","format":"standard","meta":{"footnotes":""},"categories":[477,447,597,573,476,7541],"tags":[],"class_list":["post-186158","post","type-post","status-publish","format-standard","has-post-thumbnail","","category-noticias-edulcorantes","category-local-politica","category-cinta-de-noticias","category-la-realidad-de-los-acontecimientos-en-siria","category-locales","category-ultimas-noticias"],"_links":{"self":[{"href":"https:\/\/archive.sana.sy\/es\/index.php?rest_route=\/wp\/v2\/posts\/186158"}],"collection":[{"href":"https:\/\/archive.sana.sy\/es\/index.php?rest_route=\/wp\/v2\/posts"}],"about":[{"href":"https:\/\/archive.sana.sy\/es\/index.php?rest_route=\/wp\/v2\/types\/post"}],"author":[{"embeddable":true,"href":"https:\/\/archive.sana.sy\/es\/index.php?rest_route=\/wp\/v2\/users\/32"}],"replies":[{"embeddable":true,"href":"https:\/\/archive.sana.sy\/es\/index.php?rest_route=%2Fwp%2Fv2%2Fcomments&post=186158"}],"version-history":[{"count":0,"href":"https:\/\/archive.sana.sy\/es\/index.php?rest_route=\/wp\/v2\/posts\/186158\/revisions"}],"wp:featuredmedia":[{"embeddable":true,"href":"https:\/\/archive.sana.sy\/es\/index.php?rest_route=\/wp\/v2\/media\/136901"}],"wp:attachment":[{"href":"https:\/\/archive.sana.sy\/es\/index.php?rest_route=%2Fwp%2Fv2%2Fmedia&parent=186158"}],"wp:term":[{"taxonomy":"category","embeddable":true,"href":"https:\/\/archive.sana.sy\/es\/index.php?rest_route=%2Fwp%2Fv2%2Fcategories&post=186158"},{"taxonomy":"post_tag","embeddable":true,"href":"https:\/\/archive.sana.sy\/es\/index.php?rest_route=%2Fwp%2Fv2%2Ftags&post=186158"}],"curies":[{"name":"wp","href":"https:\/\/api.w.org\/{rel}","templated":true}]}}