{"id":186160,"date":"2021-06-22T13:00:16","date_gmt":"2021-06-22T10:00:16","guid":{"rendered":"http:\/\/107.6.182.27\/es\/?p=186160"},"modified":"2023-01-10T14:28:00","modified_gmt":"2023-01-10T12:28:00","slug":"186160","status":"publish","type":"post","link":"https:\/\/archive.sana.sy\/es\/?p=186160","title":{"rendered":"Terroristas bombardean aldea de Jurin, provincia de Hama"},"content":{"rendered":"<p style=\"text-align: justify;\"><strong><span style=\"color: #800000;\">Hama, SANA<\/span><\/strong><\/p>\n<p style=\"text-align: justify;\">Los grupos terroristas reanudaron sus ataques con proyectiles de mortero contra la aldea de Jurin en la campi\u00f1a noroccidental de Hama.<\/p>\n<p style=\"text-align: justify;\">El corresponsal de SANA inform\u00f3 que el bombardeo se efectu\u00f3 desde la localidad de Sarmanieh ocupada por los radicales, y provoc\u00f3 p\u00e9rdidas materiales en las casas y propiedades de los residentes.<\/p>\n<p style=\"text-align: justify;\">El domingo \u00faltimo, una ni\u00f1a perdi\u00f3 la vida y su padre result\u00f3 herido en semejante bombardeo terrorista.<\/p>\n<p style=\"text-align: justify;\">Durante las \u00faltimas semanas, dichas organizaciones radicales intensificaron sus ataques contra las localidades en el noroeste de Hama, adem\u00e1s de apuntar a los puestos de control del Ej\u00e9rcito \u00c1rabe Sirio en la regi\u00f3n.<\/p>\n<p style=\"text-align: justify;\"><strong><span style=\"color: #0000ff;\">ed\/fm<\/span><\/strong><\/p>\n","protected":false},"excerpt":{"rendered":"<p>Hama, SANA Los grupos terroristas reanudaron sus ataques con proyectiles de mortero contra la aldea de Jurin en la campi\u00f1a noroccidental de Hama. El corresponsal de SANA inform\u00f3 que el bombardeo se efectu\u00f3 desde la localidad de Sarmanieh ocupada por los radicales, y provoc\u00f3 p\u00e9rdidas materiales en las casas y propiedades de los residentes. El &hellip;<\/p>\n","protected":false},"author":32,"featured_media":186161,"comment_status":"closed","ping_status":"closed","sticky":false,"template":"","format":"standard","meta":{"footnotes":""},"categories":[477,447,597,573,476,7541],"tags":[],"class_list":["post-186160","post","type-post","status-publish","format-standard","has-post-thumbnail","","category-noticias-edulcorantes","category-local-politica","category-cinta-de-noticias","category-la-realidad-de-los-acontecimientos-en-siria","category-locales","category-ultimas-noticias"],"_links":{"self":[{"href":"https:\/\/archive.sana.sy\/es\/index.php?rest_route=\/wp\/v2\/posts\/186160"}],"collection":[{"href":"https:\/\/archive.sana.sy\/es\/index.php?rest_route=\/wp\/v2\/posts"}],"about":[{"href":"https:\/\/archive.sana.sy\/es\/index.php?rest_route=\/wp\/v2\/types\/post"}],"author":[{"embeddable":true,"href":"https:\/\/archive.sana.sy\/es\/index.php?rest_route=\/wp\/v2\/users\/32"}],"replies":[{"embeddable":true,"href":"https:\/\/archive.sana.sy\/es\/index.php?rest_route=%2Fwp%2Fv2%2Fcomments&post=186160"}],"version-history":[{"count":0,"href":"https:\/\/archive.sana.sy\/es\/index.php?rest_route=\/wp\/v2\/posts\/186160\/revisions"}],"wp:featuredmedia":[{"embeddable":true,"href":"https:\/\/archive.sana.sy\/es\/index.php?rest_route=\/wp\/v2\/media\/186161"}],"wp:attachment":[{"href":"https:\/\/archive.sana.sy\/es\/index.php?rest_route=%2Fwp%2Fv2%2Fmedia&parent=186160"}],"wp:term":[{"taxonomy":"category","embeddable":true,"href":"https:\/\/archive.sana.sy\/es\/index.php?rest_route=%2Fwp%2Fv2%2Fcategories&post=186160"},{"taxonomy":"post_tag","embeddable":true,"href":"https:\/\/archive.sana.sy\/es\/index.php?rest_route=%2Fwp%2Fv2%2Ftags&post=186160"}],"curies":[{"name":"wp","href":"https:\/\/api.w.org\/{rel}","templated":true}]}}