{"id":186178,"date":"2021-06-22T16:26:04","date_gmt":"2021-06-22T13:26:04","guid":{"rendered":"http:\/\/107.6.182.27\/es\/?p=186178"},"modified":"2021-06-22T19:06:08","modified_gmt":"2021-06-22T16:06:08","slug":"presidente-al-assad-recibe-al-viceprimer-ministro-de-la-federacion-de-rusia","status":"publish","type":"post","link":"https:\/\/archive.sana.sy\/es\/?p=186178","title":{"rendered":"Presidente al-Assad y Viceprimer Ministro ruso abordan extender cooperaci\u00f3n a sectores de energ\u00eda, tecnolog\u00eda e industria"},"content":{"rendered":"<p style=\"text-align: justify\"><span style=\"color: #800000\">Damasco, SANA<\/span><\/p>\n<p style=\"text-align: justify\">El presidente Bashar al-Assad, recibi\u00f3 este martes a Yury Borisov, viceprimer ministro de la Federaci\u00f3n de Rusia y la delegaci\u00f3n que le acompa\u00f1a.<\/p>\n<p style=\"text-align: justify\">Las conversaciones sostenidas abordaron la cooperaci\u00f3n bilateral, especialmente en materia econ\u00f3mica y de inversi\u00f3n, y los esfuerzos conjuntos para extender la misma para que abarque m\u00e1s \u00e1reas, especialmente la energ\u00eda, tecnolog\u00edas modernas, industria y agricultura.<\/p>\n<p style=\"text-align: justify\">El presidente al-Assad expres\u00f3 su satisfacci\u00f3n por el desarrollado nivel de la cooperaci\u00f3n entre los dos pa\u00edses y manifest\u00f3 el inter\u00e9s de Siria en el \u00e9xito de las inversiones conjuntas sirio-rusas.<\/p>\n<p style=\"text-align: justify\">Es importante continuar la consulta y coordinaci\u00f3n con los aliados rusos que son socios del pueblo sirio en su lucha contra el terrorismo y que brindaron apoyo pol\u00edtico y econ\u00f3mico para recuperar la seguridad y estabilidad en el territorio sirio y superar el impacto del terrorismo econ\u00f3mico, dijo el mandatario.<\/p>\n<p style=\"text-align: justify\">A su vez, Borisov felicit\u00f3 al presidente al-Assad por su victoria en las elecciones presidenciales e hizo hincapi\u00e9 en que la amplia participaci\u00f3n popular en estos comicios demostr\u00f3 la voluntad del pueblo sirio y su determinaci\u00f3n para seguir luchando a pesar de todo el terrorismo y el asedio al que fueron sometidos.<\/p>\n<p style=\"text-align: justify\">El alto funcionario reiter\u00f3 la disposici\u00f3n de su pa\u00eds de ayudar a Siria a mermar el impacto econ\u00f3mico debido a las injustas medidas econ\u00f3micas y participar en el proceso de reconstrucci\u00f3n, adem\u00e1s de suministrar un nuevo lote de vacunas contra el Covid-19.<\/p>\n<p style=\"text-align: justify\">En otro contexto, Borisov inform\u00f3 al mandatario sirio sobre lo ocurrido durante la cumbre que se celebr\u00f3 entre el presidente ruso Vladimir Putin y su par estadounidense Joe Biden, respecto a la cuesti\u00f3n siria, donde reafirm\u00f3 la invariable postura de Rusia basada en la adhesi\u00f3n al derecho internacional, el respeto a la soberan\u00eda de los estados y la no injerencia en sus asuntos internos.<\/p>\n<p style=\"text-align: justify\">\n<span style=\"color: #0000ff\"><em><strong>la\/fm<\/strong><\/em><\/span><\/p>\n<div id='gallery-1' class='gallery galleryid-186178 gallery-columns-1 gallery-size-large'><figure class='gallery-item'>\n\t\t\t<div class='gallery-icon landscape'>\n\t\t\t\t<a href='https:\/\/archive.sana.sy\/es\/wp-content\/uploads\/2021\/06\/DSC00625-scaled.jpg'><img loading=\"lazy\" decoding=\"async\" width=\"618\" height=\"274\" src=\"https:\/\/archive.sana.sy\/es\/wp-content\/uploads\/2021\/06\/DSC00625-1024x454.jpg\" class=\"attachment-large size-large\" alt=\"\" srcset=\"https:\/\/archive.sana.sy\/es\/wp-content\/uploads\/2021\/06\/DSC00625-1024x454.jpg 1024w, https:\/\/archive.sana.sy\/es\/wp-content\/uploads\/2021\/06\/DSC00625-300x133.jpg 300w, https:\/\/archive.sana.sy\/es\/wp-content\/uploads\/2021\/06\/DSC00625-150x67.jpg 150w, https:\/\/archive.sana.sy\/es\/wp-content\/uploads\/2021\/06\/DSC00625-768x341.jpg 768w, https:\/\/archive.sana.sy\/es\/wp-content\/uploads\/2021\/06\/DSC00625-1536x681.jpg 1536w, https:\/\/archive.sana.sy\/es\/wp-content\/uploads\/2021\/06\/DSC00625-2048x908.jpg 2048w\" sizes=\"(max-width: 618px) 100vw, 618px\" \/><\/a>\n\t\t\t<\/div><\/figure><figure class='gallery-item'>\n\t\t\t<div class='gallery-icon landscape'>\n\t\t\t\t<a href='https:\/\/archive.sana.sy\/es\/wp-content\/uploads\/2021\/06\/DSC00668-scaled.jpg'><img loading=\"lazy\" decoding=\"async\" width=\"618\" height=\"301\" src=\"https:\/\/archive.sana.sy\/es\/wp-content\/uploads\/2021\/06\/DSC00668-1024x499.jpg\" class=\"attachment-large size-large\" alt=\"\" srcset=\"https:\/\/archive.sana.sy\/es\/wp-content\/uploads\/2021\/06\/DSC00668-1024x499.jpg 1024w, https:\/\/archive.sana.sy\/es\/wp-content\/uploads\/2021\/06\/DSC00668-300x146.jpg 300w, https:\/\/archive.sana.sy\/es\/wp-content\/uploads\/2021\/06\/DSC00668-150x73.jpg 150w, https:\/\/archive.sana.sy\/es\/wp-content\/uploads\/2021\/06\/DSC00668-768x375.jpg 768w, https:\/\/archive.sana.sy\/es\/wp-content\/uploads\/2021\/06\/DSC00668-1536x749.jpg 1536w, https:\/\/archive.sana.sy\/es\/wp-content\/uploads\/2021\/06\/DSC00668-2048x999.jpg 2048w\" sizes=\"(max-width: 618px) 100vw, 618px\" \/><\/a>\n\t\t\t<\/div><\/figure>\n\t\t<\/div>\n\n<p style=\"text-align: justify\"><span style=\"color: #0000ff\"><em><strong>la<\/strong><\/em><\/span><\/p>\n","protected":false},"excerpt":{"rendered":"<p>Damasco, SANA El presidente Bashar al-Assad, recibi\u00f3 este martes a Yury Borisov, viceprimer ministro de la Federaci\u00f3n de Rusia y la delegaci\u00f3n que le acompa\u00f1a. Las conversaciones sostenidas abordaron la cooperaci\u00f3n bilateral, especialmente en materia econ\u00f3mica y de inversi\u00f3n, y los esfuerzos conjuntos para extender la misma para que abarque m\u00e1s \u00e1reas, especialmente la energ\u00eda, &hellip;<\/p>\n","protected":false},"author":24,"featured_media":186187,"comment_status":"closed","ping_status":"closed","sticky":false,"template":"","format":"standard","meta":{"footnotes":""},"categories":[597,16237,583,626],"tags":[],"class_list":["post-186178","post","type-post","status-publish","format-standard","has-post-thumbnail","","category-cinta-de-noticias","category-presidence-de-la-republique-arabe-syria","category-slide","category-sr-presidente"],"_links":{"self":[{"href":"https:\/\/archive.sana.sy\/es\/index.php?rest_route=\/wp\/v2\/posts\/186178"}],"collection":[{"href":"https:\/\/archive.sana.sy\/es\/index.php?rest_route=\/wp\/v2\/posts"}],"about":[{"href":"https:\/\/archive.sana.sy\/es\/index.php?rest_route=\/wp\/v2\/types\/post"}],"author":[{"embeddable":true,"href":"https:\/\/archive.sana.sy\/es\/index.php?rest_route=\/wp\/v2\/users\/24"}],"replies":[{"embeddable":true,"href":"https:\/\/archive.sana.sy\/es\/index.php?rest_route=%2Fwp%2Fv2%2Fcomments&post=186178"}],"version-history":[{"count":0,"href":"https:\/\/archive.sana.sy\/es\/index.php?rest_route=\/wp\/v2\/posts\/186178\/revisions"}],"wp:featuredmedia":[{"embeddable":true,"href":"https:\/\/archive.sana.sy\/es\/index.php?rest_route=\/wp\/v2\/media\/186187"}],"wp:attachment":[{"href":"https:\/\/archive.sana.sy\/es\/index.php?rest_route=%2Fwp%2Fv2%2Fmedia&parent=186178"}],"wp:term":[{"taxonomy":"category","embeddable":true,"href":"https:\/\/archive.sana.sy\/es\/index.php?rest_route=%2Fwp%2Fv2%2Fcategories&post=186178"},{"taxonomy":"post_tag","embeddable":true,"href":"https:\/\/archive.sana.sy\/es\/index.php?rest_route=%2Fwp%2Fv2%2Ftags&post=186178"}],"curies":[{"name":"wp","href":"https:\/\/api.w.org\/{rel}","templated":true}]}}