{"id":186205,"date":"2021-06-22T23:01:58","date_gmt":"2021-06-22T20:01:58","guid":{"rendered":"http:\/\/107.6.182.27\/es\/?p=186205"},"modified":"2023-01-10T14:28:00","modified_gmt":"2023-01-10T12:28:00","slug":"siria-mantendra-su-lucha-contra-el-terrorismo-pese-a-las-fabricaciones-sobre-el-uso-de-armas-quimicas","status":"publish","type":"post","link":"https:\/\/archive.sana.sy\/es\/?p=186205","title":{"rendered":"Intentos terroristas de realizar ataques qu\u00edmicos de falsa bandera se realizan bajo batuta de EEUU"},"content":{"rendered":"<p style=\"text-align: justify;\"><strong><span style=\"color: #800000;\">Damasco, SANA<\/span><\/strong><\/p>\n<p style=\"text-align: justify;\">Siria asever\u00f3 que los intentos de los grupos terroristas de fabricar un ataque qu\u00edmico de falsa bandera en Idlib para acusar al Ej\u00e9rcito \u00c1rabe Sirio se realizan bajo la batuta de EE.UU., algunos pa\u00edses occidentales y los servicios de inteligencia turca.<\/p>\n<p style=\"text-align: justify;\">En este contexto, el Ministerio de Exteriores y Expatriados anunci\u00f3 por medio de una nota de prensa entregada a la agencia SANA, que \u201clas organizaciones terroristas y los llamados \u201cCascos Blancos\u201d y sus patrocinadores no han dejado de escenificar supuestos usos de armas qu\u00edmicas por el Ej\u00e9rcito sirio en las provincias de Idlib y Hama.<\/p>\n<p style=\"text-align: justify;\">Explic\u00f3 que los terroristas de la llamada agrupaci\u00f3n \u201cHayaat Tahrir al-Sham\u201d, ingresaron camiones cisterna cargados con cloro crudo a trav\u00e9s del cruce de \u201cBab al-Hawa\u201d en la frontera con Turqu\u00eda, y la carga tom\u00f3 la ruta Sarmada-Tal-Aqrabat-Atma, y en esta \u00faltima localidad hay un taller que cuenta con un laboratorio especializado en la fabricaci\u00f3n de gas de cloro.<\/p>\n<p style=\"text-align: justify;\">&#8220;Hayaat Tahrir al-Sham\u201d, en coordinaci\u00f3n con los terroristas \u201cCascos Blancos\u201d, proceder\u00e1n seg\u00fan las informaciones facilitadas, a llenar proyectiles con gas de cloro para utilizarlos contra la poblaci\u00f3n civil en Idlib y luego acusar al Ej\u00e9rcito sirio y sus aliados\u201d, indic\u00f3 la nota.<\/p>\n<p style=\"text-align: justify;\">Denunci\u00f3 que las acciones realizadas por los grupos terroristas al respecto en Idlib est\u00e1n guiadas y apoyadas por Washington, pa\u00edses occidentales y los servicios de inteligencia turcos.<\/p>\n<p style=\"text-align: justify;\">\u201cSiria exige a los pa\u00edses que brindan apoyo a estos terroristas detener estos juegos, cuyas v\u00edctimas solo son civiles sirios inocentes, y no cometer este nuevo crimen sangriento\u201d, enfatiz\u00f3.<\/p>\n<p style=\"text-align: justify;\">Canciller\u00eda subray\u00f3 que Damasco responsabilizar\u00e1 a los patrocinadores de estos terroristas, especialmente EE.UU, Gran Breta\u00f1a, Francia, Alemania, los Pa\u00edses Bajos y Turqu\u00eda, por el uso de las sustancias qu\u00edmicas y la matanza de civiles inocentes, y pide a la Organizaci\u00f3n para la Prohibici\u00f3n de las Armas Qu\u00edmicas que no ignore estos datos y no se deje manipular por Washington y sus aliados.<\/p>\n<p style=\"text-align: justify;\">La Rep\u00fablica \u00c1rabe Siria confirm\u00f3 repetidamente su rotunda negativa al uso de armas qu\u00edmicas por cualquier persona, en cualquier lugar y bajo cualquier circunstancia, y que no us\u00f3 estas armas antes y tampoco puede usarlas ahora porque ya no las posee, y al mismo tiempo enfatiza que tales cr\u00edmenes no le impedir\u00e1n continuar su lucha contra el terrorismo hasta que restaure la seguridad en todo el territorio sirio&#8221;, concluy\u00f3.<\/p>\n<p style=\"text-align: justify;\"><span style=\"color: #0000ff;\"><strong>la\/fm<\/strong><\/span><\/p>\n","protected":false},"excerpt":{"rendered":"<p>Damasco, SANA Siria asever\u00f3 que los intentos de los grupos terroristas de fabricar un ataque qu\u00edmico de falsa bandera en Idlib para acusar al Ej\u00e9rcito \u00c1rabe Sirio se realizan bajo la batuta de EE.UU., algunos pa\u00edses occidentales y los servicios de inteligencia turca. En este contexto, el Ministerio de Exteriores y Expatriados anunci\u00f3 por medio &hellip;<\/p>\n","protected":false},"author":24,"featured_media":186206,"comment_status":"closed","ping_status":"closed","sticky":false,"template":"","format":"standard","meta":{"footnotes":""},"categories":[447,597,476,7541],"tags":[],"class_list":["post-186205","post","type-post","status-publish","format-standard","has-post-thumbnail","","category-local-politica","category-cinta-de-noticias","category-locales","category-ultimas-noticias"],"_links":{"self":[{"href":"https:\/\/archive.sana.sy\/es\/index.php?rest_route=\/wp\/v2\/posts\/186205"}],"collection":[{"href":"https:\/\/archive.sana.sy\/es\/index.php?rest_route=\/wp\/v2\/posts"}],"about":[{"href":"https:\/\/archive.sana.sy\/es\/index.php?rest_route=\/wp\/v2\/types\/post"}],"author":[{"embeddable":true,"href":"https:\/\/archive.sana.sy\/es\/index.php?rest_route=\/wp\/v2\/users\/24"}],"replies":[{"embeddable":true,"href":"https:\/\/archive.sana.sy\/es\/index.php?rest_route=%2Fwp%2Fv2%2Fcomments&post=186205"}],"version-history":[{"count":0,"href":"https:\/\/archive.sana.sy\/es\/index.php?rest_route=\/wp\/v2\/posts\/186205\/revisions"}],"wp:featuredmedia":[{"embeddable":true,"href":"https:\/\/archive.sana.sy\/es\/index.php?rest_route=\/wp\/v2\/media\/186206"}],"wp:attachment":[{"href":"https:\/\/archive.sana.sy\/es\/index.php?rest_route=%2Fwp%2Fv2%2Fmedia&parent=186205"}],"wp:term":[{"taxonomy":"category","embeddable":true,"href":"https:\/\/archive.sana.sy\/es\/index.php?rest_route=%2Fwp%2Fv2%2Fcategories&post=186205"},{"taxonomy":"post_tag","embeddable":true,"href":"https:\/\/archive.sana.sy\/es\/index.php?rest_route=%2Fwp%2Fv2%2Ftags&post=186205"}],"curies":[{"name":"wp","href":"https:\/\/api.w.org\/{rel}","templated":true}]}}