{"id":186218,"date":"2021-06-22T20:10:01","date_gmt":"2021-06-22T17:10:01","guid":{"rendered":"http:\/\/107.6.182.27\/es\/?p=186218"},"modified":"2023-01-10T15:14:07","modified_gmt":"2023-01-10T13:14:07","slug":"elaboran-un-plan-para-generar-este-ano-mas-de-400-megavatios-a-partir-de-la-energia-solar-confirma-titular-de-electricidad","status":"publish","type":"post","link":"https:\/\/archive.sana.sy\/es\/?p=186218","title":{"rendered":"Siria generar\u00e1 este a\u00f1o m\u00e1s de 400 megavatios a partir de la energ\u00eda solar, confirma titular de Electricidad"},"content":{"rendered":"<p style=\"text-align: justify\"><span style=\"color: #800000\">Damasco, SANA<\/span><\/p>\n<p style=\"text-align: justify\">El Parlamento comenz\u00f3 este martes las sesiones dedicadas a discutir el proyecto de ley que estipula la creaci\u00f3n de un fondo para apoyar el uso de energ\u00edas renovables y aumentar la eficiencia energ\u00e9tica.<\/p>\n<p style=\"text-align: justify\">Varios diputados destacaron la importancia del proyecto para ahorrar el consumo de derivados del petr\u00f3leo y avanzar hacia energ\u00edas limpias.<\/p>\n<p style=\"text-align: justify\">En su intervenci\u00f3n, el titular de Electricidad, Ghassan al-Zamel, indic\u00f3 que el ministerio ha desarrollado un plan para generar durante este a\u00f1o m\u00e1s de 400 megavatios de electricidad a partir de la energ\u00eda solar.<\/p>\n<p style=\"text-align: justify\">Destac\u00f3 que su entidad est\u00e1 abordando tambi\u00e9n con el resto de las autoridades p\u00fablicas interesadas el tema de la preparaci\u00f3n de una legislaci\u00f3n que obligue a las instituciones p\u00fablicas adquirir la mayor\u00eda de sus necesidades energ\u00e9tica de la energ\u00eda solar, y al sector privado y las grandes y peque\u00f1as f\u00e1bricas asegurar m\u00e1s de 20 % de su consumo de la energ\u00eda fotovolta\u00edca.<\/p>\n<p style=\"text-align: justify\"><span style=\"color: #0000ff\"><em><strong>la<\/strong><\/em><\/span><\/p>\n","protected":false},"excerpt":{"rendered":"<p>Damasco, SANA El Parlamento comenz\u00f3 este martes las sesiones dedicadas a discutir el proyecto de ley que estipula la creaci\u00f3n de un fondo para apoyar el uso de energ\u00edas renovables y aumentar la eficiencia energ\u00e9tica. Varios diputados destacaron la importancia del proyecto para ahorrar el consumo de derivados del petr\u00f3leo y avanzar hacia energ\u00edas limpias. &hellip;<\/p>\n","protected":false},"author":24,"featured_media":186219,"comment_status":"closed","ping_status":"closed","sticky":false,"template":"","format":"standard","meta":{"footnotes":""},"categories":[597,16686,485,476,7541],"tags":[],"class_list":["post-186218","post","type-post","status-publish","format-standard","has-post-thumbnail","","category-cinta-de-noticias","category-economia","category-informes-negocios-y-finanzas","category-locales","category-ultimas-noticias"],"_links":{"self":[{"href":"https:\/\/archive.sana.sy\/es\/index.php?rest_route=\/wp\/v2\/posts\/186218"}],"collection":[{"href":"https:\/\/archive.sana.sy\/es\/index.php?rest_route=\/wp\/v2\/posts"}],"about":[{"href":"https:\/\/archive.sana.sy\/es\/index.php?rest_route=\/wp\/v2\/types\/post"}],"author":[{"embeddable":true,"href":"https:\/\/archive.sana.sy\/es\/index.php?rest_route=\/wp\/v2\/users\/24"}],"replies":[{"embeddable":true,"href":"https:\/\/archive.sana.sy\/es\/index.php?rest_route=%2Fwp%2Fv2%2Fcomments&post=186218"}],"version-history":[{"count":0,"href":"https:\/\/archive.sana.sy\/es\/index.php?rest_route=\/wp\/v2\/posts\/186218\/revisions"}],"wp:featuredmedia":[{"embeddable":true,"href":"https:\/\/archive.sana.sy\/es\/index.php?rest_route=\/wp\/v2\/media\/186219"}],"wp:attachment":[{"href":"https:\/\/archive.sana.sy\/es\/index.php?rest_route=%2Fwp%2Fv2%2Fmedia&parent=186218"}],"wp:term":[{"taxonomy":"category","embeddable":true,"href":"https:\/\/archive.sana.sy\/es\/index.php?rest_route=%2Fwp%2Fv2%2Fcategories&post=186218"},{"taxonomy":"post_tag","embeddable":true,"href":"https:\/\/archive.sana.sy\/es\/index.php?rest_route=%2Fwp%2Fv2%2Ftags&post=186218"}],"curies":[{"name":"wp","href":"https:\/\/api.w.org\/{rel}","templated":true}]}}