{"id":186223,"date":"2021-06-22T20:17:39","date_gmt":"2021-06-22T17:17:39","guid":{"rendered":"http:\/\/107.6.182.27\/es\/?p=186223"},"modified":"2023-01-12T14:41:02","modified_gmt":"2023-01-12T12:41:02","slug":"el-libano-tensa-jornada-de-manifestaciones","status":"publish","type":"post","link":"https:\/\/archive.sana.sy\/es\/?p=186223","title":{"rendered":"L\u00edbano: Tensa jornada de protestas"},"content":{"rendered":"<p style=\"text-align: justify;\"><span style=\"color: #800000;\">Beirut, SANA<\/span><\/p>\n<p>Nuevas manifestaciones y bloqueos de carreteras tuvieron lugar este martes en algunas regiones libanesas, especialmente en Sid\u00f3n y Tr\u00edpoli para protestar contra el deterioro de las condiciones econ\u00f3micas y de vida.<\/p>\n<p style=\"text-align: justify;\">La agencia nacional libanesa de noticias inform\u00f3 que &#8220;los manifestantes cortaron la carretera Tr\u00edpoli-Badawi-Minya-Akkar en el cruce de Al-Mankoubin con camiones en ambas direcciones, y algunos de ellos cortaron los dos carriles de la autopista Tr\u00edpoli-Beirut con piedras y coches, mientras que otros cortaron la carretera de &#8220;Taliat Al-Mashrou Al-Qubba&#8221; en protesta por el deterioro de las condiciones de vida\u201d.<\/p>\n<p style=\"text-align: justify;\">En Sid\u00f3n, los manifestantes bloquearon la carretera principal cerca en la urbe y tambi\u00e9n cortaron la carretera Tiro-Sid\u00f3n con neum\u00e1ticos y contenedores de basura para protestar por la dificultad de conseguir combustibles.<\/p>\n<p style=\"text-align: justify;\">Desde el 17 de octubre de 2019, muchas regiones libanesas han sido testigos de manifestaciones y sentadas en protesta por el deterioro de las condiciones econ\u00f3micas, y exigiendo la lucha contra la corrupci\u00f3n en el pa\u00eds.<\/p>\n<p><em>mm<\/em><\/p>\n","protected":false},"excerpt":{"rendered":"<p>Beirut, SANA Nuevas manifestaciones y bloqueos de carreteras tuvieron lugar este martes en algunas regiones libanesas, especialmente en Sid\u00f3n y Tr\u00edpoli para protestar contra el deterioro de las condiciones econ\u00f3micas y de vida. La agencia nacional libanesa de noticias inform\u00f3 que &#8220;los manifestantes cortaron la carretera Tr\u00edpoli-Badawi-Minya-Akkar en el cruce de Al-Mankoubin con camiones en &hellip;<\/p>\n","protected":false},"author":36,"featured_media":186224,"comment_status":"closed","ping_status":"closed","sticky":false,"template":"","format":"standard","meta":{"footnotes":""},"categories":[597,456,457],"tags":[],"class_list":["post-186223","post","type-post","status-publish","format-standard","has-post-thumbnail","","category-cinta-de-noticias","category-arabe-internacional-politica","category-noticias-arabe-internacional-politica"],"_links":{"self":[{"href":"https:\/\/archive.sana.sy\/es\/index.php?rest_route=\/wp\/v2\/posts\/186223"}],"collection":[{"href":"https:\/\/archive.sana.sy\/es\/index.php?rest_route=\/wp\/v2\/posts"}],"about":[{"href":"https:\/\/archive.sana.sy\/es\/index.php?rest_route=\/wp\/v2\/types\/post"}],"author":[{"embeddable":true,"href":"https:\/\/archive.sana.sy\/es\/index.php?rest_route=\/wp\/v2\/users\/36"}],"replies":[{"embeddable":true,"href":"https:\/\/archive.sana.sy\/es\/index.php?rest_route=%2Fwp%2Fv2%2Fcomments&post=186223"}],"version-history":[{"count":0,"href":"https:\/\/archive.sana.sy\/es\/index.php?rest_route=\/wp\/v2\/posts\/186223\/revisions"}],"wp:featuredmedia":[{"embeddable":true,"href":"https:\/\/archive.sana.sy\/es\/index.php?rest_route=\/wp\/v2\/media\/186224"}],"wp:attachment":[{"href":"https:\/\/archive.sana.sy\/es\/index.php?rest_route=%2Fwp%2Fv2%2Fmedia&parent=186223"}],"wp:term":[{"taxonomy":"category","embeddable":true,"href":"https:\/\/archive.sana.sy\/es\/index.php?rest_route=%2Fwp%2Fv2%2Fcategories&post=186223"},{"taxonomy":"post_tag","embeddable":true,"href":"https:\/\/archive.sana.sy\/es\/index.php?rest_route=%2Fwp%2Fv2%2Ftags&post=186223"}],"curies":[{"name":"wp","href":"https:\/\/api.w.org\/{rel}","templated":true}]}}