{"id":186232,"date":"2021-06-23T06:14:02","date_gmt":"2021-06-23T03:14:02","guid":{"rendered":"http:\/\/107.6.182.27\/es\/?p=186232"},"modified":"2023-01-12T14:41:02","modified_gmt":"2023-01-12T12:41:02","slug":"putin-informa-a-su-homologo-cubano-sobre-resultados-de-sus-conversaciones-con-biden","status":"publish","type":"post","link":"https:\/\/archive.sana.sy\/es\/?p=186232","title":{"rendered":"Putin informa a su hom\u00f3logo cubano sobre resultados de sus conversaciones con Biden"},"content":{"rendered":"<p style=\"text-align: justify;\"><span style=\"color: #800000;\"><strong>Mosc\u00fa, SANA<\/strong><\/span><\/p>\n<p style=\"text-align: justify;\">El presidente ruso Vladimir Putin, inform\u00f3 a su hom\u00f3logo cubano, Miguel D\u00edaz-Canel, sobre los resultados de su reciente reuni\u00f3n con el presidente estadounidense John Biden, en Ginebra.<\/p>\n<p style=\"text-align: justify;\">Una declaraci\u00f3n de la presidencia rusa (Kremlin), afirm\u00f3 que &#8220;el presidente Putin habl\u00f3 durante una llamada telef\u00f3nica sobre sus impresiones de la reciente cumbre ruso-estadounidense en Ginebra&#8221;.<\/p>\n<p style=\"text-align: justify;\">El comunicado agreg\u00f3: &#8220;Las dos partes enfatizaron la importancia de defender la verdad hist\u00f3rica sobre la Gran Guerra Patria y sus h\u00e9roes, y la inadmisibilidad de los intentos de reescribir la historia&#8221;.<\/p>\n<p style=\"text-align: justify;\">Por su parte, el mandatario cubano, expres\u00f3 con motivo del 80 aniversario del estallido de la Gran Guerra Patria en Rusia, su solidaridad con Mosc\u00fa y destac\u00f3 el aporte crucial de la Uni\u00f3n Sovi\u00e9tica a la victoria sobre el nazismo.<\/p>\n<p style=\"text-align: justify;\">Asimismo, ambos jefes de Estados abordaron la cooperaci\u00f3n entre sus pa\u00edses en varios campos, incluida la continuaci\u00f3n de la coordinaci\u00f3n de posiciones sobre cuestiones internacionales y la cooperaci\u00f3n en el \u00e1mbito de las Naciones Unidas.<\/p>\n<p style=\"text-align: justify;\"><strong><span style=\"color: #0000ff;\">fm<\/span><\/strong><\/p>\n","protected":false},"excerpt":{"rendered":"<p>Mosc\u00fa, SANA El presidente ruso Vladimir Putin, inform\u00f3 a su hom\u00f3logo cubano, Miguel D\u00edaz-Canel, sobre los resultados de su reciente reuni\u00f3n con el presidente estadounidense John Biden, en Ginebra. Una declaraci\u00f3n de la presidencia rusa (Kremlin), afirm\u00f3 que &#8220;el presidente Putin habl\u00f3 durante una llamada telef\u00f3nica sobre sus impresiones de la reciente cumbre ruso-estadounidense en &hellip;<\/p>\n","protected":false},"author":34,"featured_media":186233,"comment_status":"closed","ping_status":"closed","sticky":false,"template":"","format":"standard","meta":{"footnotes":""},"categories":[597,456],"tags":[],"class_list":["post-186232","post","type-post","status-publish","format-standard","has-post-thumbnail","","category-cinta-de-noticias","category-arabe-internacional-politica"],"_links":{"self":[{"href":"https:\/\/archive.sana.sy\/es\/index.php?rest_route=\/wp\/v2\/posts\/186232"}],"collection":[{"href":"https:\/\/archive.sana.sy\/es\/index.php?rest_route=\/wp\/v2\/posts"}],"about":[{"href":"https:\/\/archive.sana.sy\/es\/index.php?rest_route=\/wp\/v2\/types\/post"}],"author":[{"embeddable":true,"href":"https:\/\/archive.sana.sy\/es\/index.php?rest_route=\/wp\/v2\/users\/34"}],"replies":[{"embeddable":true,"href":"https:\/\/archive.sana.sy\/es\/index.php?rest_route=%2Fwp%2Fv2%2Fcomments&post=186232"}],"version-history":[{"count":0,"href":"https:\/\/archive.sana.sy\/es\/index.php?rest_route=\/wp\/v2\/posts\/186232\/revisions"}],"wp:featuredmedia":[{"embeddable":true,"href":"https:\/\/archive.sana.sy\/es\/index.php?rest_route=\/wp\/v2\/media\/186233"}],"wp:attachment":[{"href":"https:\/\/archive.sana.sy\/es\/index.php?rest_route=%2Fwp%2Fv2%2Fmedia&parent=186232"}],"wp:term":[{"taxonomy":"category","embeddable":true,"href":"https:\/\/archive.sana.sy\/es\/index.php?rest_route=%2Fwp%2Fv2%2Fcategories&post=186232"},{"taxonomy":"post_tag","embeddable":true,"href":"https:\/\/archive.sana.sy\/es\/index.php?rest_route=%2Fwp%2Fv2%2Ftags&post=186232"}],"curies":[{"name":"wp","href":"https:\/\/api.w.org\/{rel}","templated":true}]}}