{"id":186263,"date":"2021-06-23T14:56:52","date_gmt":"2021-06-23T11:56:52","guid":{"rendered":"http:\/\/107.6.182.27\/es\/?p=186263"},"modified":"2023-01-12T14:41:01","modified_gmt":"2023-01-12T12:41:01","slug":"desactivan-red-terrorista-en-el-norte-de-iran","status":"publish","type":"post","link":"https:\/\/archive.sana.sy\/es\/?p=186263","title":{"rendered":"Desactivan red terrorista en el norte de Ir\u00e1n"},"content":{"rendered":"<p style=\"text-align: justify;\"><strong><span style=\"color: #800000;\">Teher\u00e1n, SANA<\/span><\/strong><\/p>\n<p style=\"text-align: justify;\">La Guardia Revolucionaria de Ir\u00e1n anunci\u00f3 este mi\u00e9rcoles el desmantelamiento de una red terrorista en la provincia noroccidental de Kurdist\u00e1n.<\/p>\n<p style=\"text-align: justify;\">El cuartel militar de Shahramfar en la Guardia Revolucionaria manifest\u00f3 que se produjo un enfrentamiento armado con los integrantes de la c\u00e9lula terrorista, lo que provoc\u00f3 la muerte de cinco de ellos y heridas a otros tres.<\/p>\n<p style=\"text-align: justify;\">Durante la operaci\u00f3n, se incautaron armas y municiones.<\/p>\n<p style=\"text-align: justify;\"><strong><span style=\"color: #0000ff;\">ed\/fm<\/span><\/strong><\/p>\n","protected":false},"excerpt":{"rendered":"<p>Teher\u00e1n, SANA La Guardia Revolucionaria de Ir\u00e1n anunci\u00f3 este mi\u00e9rcoles el desmantelamiento de una red terrorista en la provincia noroccidental de Kurdist\u00e1n. El cuartel militar de Shahramfar en la Guardia Revolucionaria manifest\u00f3 que se produjo un enfrentamiento armado con los integrantes de la c\u00e9lula terrorista, lo que provoc\u00f3 la muerte de cinco de ellos y &hellip;<\/p>\n","protected":false},"author":32,"featured_media":186264,"comment_status":"closed","ping_status":"closed","sticky":false,"template":"","format":"standard","meta":{"footnotes":""},"categories":[597,456],"tags":[],"class_list":["post-186263","post","type-post","status-publish","format-standard","has-post-thumbnail","","category-cinta-de-noticias","category-arabe-internacional-politica"],"_links":{"self":[{"href":"https:\/\/archive.sana.sy\/es\/index.php?rest_route=\/wp\/v2\/posts\/186263"}],"collection":[{"href":"https:\/\/archive.sana.sy\/es\/index.php?rest_route=\/wp\/v2\/posts"}],"about":[{"href":"https:\/\/archive.sana.sy\/es\/index.php?rest_route=\/wp\/v2\/types\/post"}],"author":[{"embeddable":true,"href":"https:\/\/archive.sana.sy\/es\/index.php?rest_route=\/wp\/v2\/users\/32"}],"replies":[{"embeddable":true,"href":"https:\/\/archive.sana.sy\/es\/index.php?rest_route=%2Fwp%2Fv2%2Fcomments&post=186263"}],"version-history":[{"count":0,"href":"https:\/\/archive.sana.sy\/es\/index.php?rest_route=\/wp\/v2\/posts\/186263\/revisions"}],"wp:featuredmedia":[{"embeddable":true,"href":"https:\/\/archive.sana.sy\/es\/index.php?rest_route=\/wp\/v2\/media\/186264"}],"wp:attachment":[{"href":"https:\/\/archive.sana.sy\/es\/index.php?rest_route=%2Fwp%2Fv2%2Fmedia&parent=186263"}],"wp:term":[{"taxonomy":"category","embeddable":true,"href":"https:\/\/archive.sana.sy\/es\/index.php?rest_route=%2Fwp%2Fv2%2Fcategories&post=186263"},{"taxonomy":"post_tag","embeddable":true,"href":"https:\/\/archive.sana.sy\/es\/index.php?rest_route=%2Fwp%2Fv2%2Ftags&post=186263"}],"curies":[{"name":"wp","href":"https:\/\/api.w.org\/{rel}","templated":true}]}}