{"id":186278,"date":"2021-06-23T17:20:58","date_gmt":"2021-06-23T14:20:58","guid":{"rendered":"http:\/\/107.6.182.27\/es\/?p=186278"},"modified":"2023-01-10T14:27:58","modified_gmt":"2023-01-10T12:27:58","slug":"washington-traslada-a-decenas-terroristas-de-daesh-a-su-base-ilegal-en-la-ciudad-de-al-shadadi-hasakeh","status":"publish","type":"post","link":"https:\/\/archive.sana.sy\/es\/?p=186278","title":{"rendered":"Washington traslada a decenas terroristas de Daesh a su base ilegal en la ciudad de al-Shadadi\/Hasakeh"},"content":{"rendered":"<p style=\"text-align: justify\"><span style=\"color: #800000\">Hasakeh, SANA<\/span><\/p>\n<p style=\"text-align: justify\">Las fuerzas ocupantes de EEUU trasladaron durante los dos \u00faltimos d\u00edas a decenas de terroristas de Daesh de prisiones controladas por la milicia \u201clas Fuerzas Democr\u00e1ticas Sirias\u201d en la provincia de Hasakeh, seg\u00fan informaron activistas locales.<\/p>\n<p style=\"text-align: justify\">\u201cM\u00e1s de 60 terroristas de Daesh de diferentes nacionalidades, incluidos iraqu\u00edes y saud\u00edes, fueron transportados desde la prisi\u00f3n establecida en una secundaria ubicada en la entrada de la ciudad de Hasakeh a su base ilegal en la ciudad de al-Shadadi en el sur de la provincia\u201d, precisaron.<\/p>\n<p style=\"text-align: justify\">Cabe destacar que Washington busca liberar a los terroristas de Daesh para entrenar y reutilizarlos en nuevas arremetidas contra el Ej\u00e9rcito sirio y las instalaciones vitales del pa\u00eds.<\/p>\n<p style=\"text-align: justify\"><em><strong>la<\/strong><\/em><\/p>\n","protected":false},"excerpt":{"rendered":"<p>Hasakeh, SANA Las fuerzas ocupantes de EEUU trasladaron durante los dos \u00faltimos d\u00edas a decenas de terroristas de Daesh de prisiones controladas por la milicia \u201clas Fuerzas Democr\u00e1ticas Sirias\u201d en la provincia de Hasakeh, seg\u00fan informaron activistas locales. \u201cM\u00e1s de 60 terroristas de Daesh de diferentes nacionalidades, incluidos iraqu\u00edes y saud\u00edes, fueron transportados desde la &hellip;<\/p>\n","protected":false},"author":24,"featured_media":9753,"comment_status":"closed","ping_status":"closed","sticky":false,"template":"","format":"standard","meta":{"footnotes":""},"categories":[447,597,573,7541],"tags":[],"class_list":["post-186278","post","type-post","status-publish","format-standard","has-post-thumbnail","","category-local-politica","category-cinta-de-noticias","category-la-realidad-de-los-acontecimientos-en-siria","category-ultimas-noticias"],"_links":{"self":[{"href":"https:\/\/archive.sana.sy\/es\/index.php?rest_route=\/wp\/v2\/posts\/186278"}],"collection":[{"href":"https:\/\/archive.sana.sy\/es\/index.php?rest_route=\/wp\/v2\/posts"}],"about":[{"href":"https:\/\/archive.sana.sy\/es\/index.php?rest_route=\/wp\/v2\/types\/post"}],"author":[{"embeddable":true,"href":"https:\/\/archive.sana.sy\/es\/index.php?rest_route=\/wp\/v2\/users\/24"}],"replies":[{"embeddable":true,"href":"https:\/\/archive.sana.sy\/es\/index.php?rest_route=%2Fwp%2Fv2%2Fcomments&post=186278"}],"version-history":[{"count":0,"href":"https:\/\/archive.sana.sy\/es\/index.php?rest_route=\/wp\/v2\/posts\/186278\/revisions"}],"wp:featuredmedia":[{"embeddable":true,"href":"https:\/\/archive.sana.sy\/es\/index.php?rest_route=\/wp\/v2\/media\/9753"}],"wp:attachment":[{"href":"https:\/\/archive.sana.sy\/es\/index.php?rest_route=%2Fwp%2Fv2%2Fmedia&parent=186278"}],"wp:term":[{"taxonomy":"category","embeddable":true,"href":"https:\/\/archive.sana.sy\/es\/index.php?rest_route=%2Fwp%2Fv2%2Fcategories&post=186278"},{"taxonomy":"post_tag","embeddable":true,"href":"https:\/\/archive.sana.sy\/es\/index.php?rest_route=%2Fwp%2Fv2%2Ftags&post=186278"}],"curies":[{"name":"wp","href":"https:\/\/api.w.org\/{rel}","templated":true}]}}