{"id":186305,"date":"2021-06-23T19:15:48","date_gmt":"2021-06-23T16:15:48","guid":{"rendered":"http:\/\/107.6.182.27\/es\/?p=186305"},"modified":"2023-01-10T15:14:06","modified_gmt":"2023-01-10T13:14:06","slug":"siria-y-jordania-debaten-vias-de-mejorar-cooperacion-en-materia-de-generacion-electrica-y-transporte-de-gas","status":"publish","type":"post","link":"https:\/\/archive.sana.sy\/es\/?p=186305","title":{"rendered":"Siria y Jordania debaten v\u00edas de mejorar cooperaci\u00f3n en materia de generaci\u00f3n el\u00e9ctrica y transporte de gas"},"content":{"rendered":"<p style=\"text-align: justify\">\n<span style=\"color: #800000\">Amman, SANA<\/span><br \/>\nEl Ministro de Petr\u00f3leo y Recursos Minerales, Bassam Tohme, y el titular de Electricidad, Ghassan Al-Zamil, se reunieron este mi\u00e9rcoles en la capital jordana Amman con, Hala Zawati, Ministra de Energ\u00eda y Recursos Minerales de Jordania.<\/p>\n<p style=\"text-align: justify\">La agencia de noticias de Jordania &#8220;Petra&#8221; inform\u00f3 que las dos partes revisaron el plan de rehabilitaci\u00f3n de la red de interconexi\u00f3n el\u00e9ctrica entre Siria y Jordania y de la infraestructura del Gasoducto \u00c1rabe.<\/p>\n<p style=\"text-align: justify\">Asimismo abordaron las v\u00edas de mejorar la cooperaci\u00f3n en el campo de la energ\u00eda renovable y la eficiencia energ\u00e9tica.<\/p>\n<p style=\"text-align: justify\">Al respecto el ministro Tohme se\u00f1al\u00f3 que ambas partes discutieron el estado del Gasoducto \u00c1rabe y la posibilidad de activarlo para transportar el gas, as\u00ed como intercambiaron una serie de ideas que podr\u00edan construir una base s\u00f3lida para una cooperaci\u00f3n futura mejor.<\/p>\n<p style=\"text-align: justify\">A su vez, el ministro Al-Zamil destac\u00f3 haber abordado con la parte jordana la rehabilitaci\u00f3n de la red de interconexi\u00f3n el\u00e9ctrica entre ambas naciones, la cual forma parte de la red de interconexi\u00f3n el\u00e9ctrica \u00e1rabe, y calific\u00f3 la reuni\u00f3n de \u201cfruct\u00edfera\u201d y un paso que traer\u00e1 beneficio a los dos pueblos.<\/p>\n<p style=\"text-align: justify\">La ministra Zahawati destac\u00f3 la importancia de afianzar la cooperaci\u00f3n entre Siria y Jordania en materia de la generaci\u00f3n el\u00e9ctrica, e hizo una panor\u00e1mica sobre los logros de su pa\u00eds en el campo de las energ\u00edas renovables.<\/p>\n<p style=\"text-align: justify\">\n<p style=\"text-align: justify\"><span style=\"color: #0000ff\"><em><strong>la<\/strong><\/em><\/span><\/p>\n","protected":false},"excerpt":{"rendered":"<p>Amman, SANA El Ministro de Petr\u00f3leo y Recursos Minerales, Bassam Tohme, y el titular de Electricidad, Ghassan Al-Zamil, se reunieron este mi\u00e9rcoles en la capital jordana Amman con, Hala Zawati, Ministra de Energ\u00eda y Recursos Minerales de Jordania. La agencia de noticias de Jordania &#8220;Petra&#8221; inform\u00f3 que las dos partes revisaron el plan de rehabilitaci\u00f3n &hellip;<\/p>\n","protected":false},"author":24,"featured_media":186306,"comment_status":"closed","ping_status":"closed","sticky":false,"template":"","format":"standard","meta":{"footnotes":""},"categories":[597,16686,485,467,7541],"tags":[],"class_list":["post-186305","post","type-post","status-publish","format-standard","has-post-thumbnail","","category-cinta-de-noticias","category-economia","category-informes-negocios-y-finanzas","category-siria-y-el-mundo","category-ultimas-noticias"],"_links":{"self":[{"href":"https:\/\/archive.sana.sy\/es\/index.php?rest_route=\/wp\/v2\/posts\/186305"}],"collection":[{"href":"https:\/\/archive.sana.sy\/es\/index.php?rest_route=\/wp\/v2\/posts"}],"about":[{"href":"https:\/\/archive.sana.sy\/es\/index.php?rest_route=\/wp\/v2\/types\/post"}],"author":[{"embeddable":true,"href":"https:\/\/archive.sana.sy\/es\/index.php?rest_route=\/wp\/v2\/users\/24"}],"replies":[{"embeddable":true,"href":"https:\/\/archive.sana.sy\/es\/index.php?rest_route=%2Fwp%2Fv2%2Fcomments&post=186305"}],"version-history":[{"count":0,"href":"https:\/\/archive.sana.sy\/es\/index.php?rest_route=\/wp\/v2\/posts\/186305\/revisions"}],"wp:featuredmedia":[{"embeddable":true,"href":"https:\/\/archive.sana.sy\/es\/index.php?rest_route=\/wp\/v2\/media\/186306"}],"wp:attachment":[{"href":"https:\/\/archive.sana.sy\/es\/index.php?rest_route=%2Fwp%2Fv2%2Fmedia&parent=186305"}],"wp:term":[{"taxonomy":"category","embeddable":true,"href":"https:\/\/archive.sana.sy\/es\/index.php?rest_route=%2Fwp%2Fv2%2Fcategories&post=186305"},{"taxonomy":"post_tag","embeddable":true,"href":"https:\/\/archive.sana.sy\/es\/index.php?rest_route=%2Fwp%2Fv2%2Ftags&post=186305"}],"curies":[{"name":"wp","href":"https:\/\/api.w.org\/{rel}","templated":true}]}}