{"id":186335,"date":"2021-06-24T10:30:31","date_gmt":"2021-06-24T07:30:31","guid":{"rendered":"http:\/\/107.6.182.27\/es\/?p=186335"},"modified":"2021-06-24T10:30:31","modified_gmt":"2021-06-24T07:30:31","slug":"lavrov-seguiremos-apoyando-a-siria-en-lucha-contra-el-terrorismo-y-en-la-busqueda-de-una-solucion-politica-a-la-crisis","status":"publish","type":"post","link":"https:\/\/archive.sana.sy\/es\/?p=186335","title":{"rendered":"Lavrov: seguiremos apoyando a Siria en lucha contra el terrorismo y en la b\u00fasqueda de una soluci\u00f3n pol\u00edtica a la crisis"},"content":{"rendered":"<p style=\"text-align: justify;\"><strong><span style=\"color: #800000;\">Mosc\u00fa, SANA<\/span><\/strong><\/p>\n<p style=\"text-align: justify;\">El ministro de Exteriores de Rusia, Sergei Lavrov, dijo hoy que su pa\u00eds mantendr\u00e1 su apoyo a Siria en la lucha contra el terrorismo.<\/p>\n<p style=\"text-align: justify;\">Seguiremos brindando apoyo a Siria en la lucha contra el terrorismo y en la b\u00fasqueda de una soluci\u00f3n pol\u00edtica a la crisis en ese pa\u00eds, dijo Lavrov en un discurso en la Novena Conferencia de Mosc\u00fa sobre Seguridad Internacional.<\/p>\n<p style=\"text-align: justify;\">Agreg\u00f3 que Occidente socava la labor de la Organizaci\u00f3n para la Prohibici\u00f3n de Armas Qu\u00edmicas, y esto fue evidente en su trato con el expediente qu\u00edmico en Siria.<\/p>\n<p style=\"text-align: justify;\"><em><strong>Nota en desarrollo..<\/strong><\/em><\/p>\n","protected":false},"excerpt":{"rendered":"<p>Mosc\u00fa, SANA El ministro de Exteriores de Rusia, Sergei Lavrov, dijo hoy que su pa\u00eds mantendr\u00e1 su apoyo a Siria en la lucha contra el terrorismo. Seguiremos brindando apoyo a Siria en la lucha contra el terrorismo y en la b\u00fasqueda de una soluci\u00f3n pol\u00edtica a la crisis en ese pa\u00eds, dijo Lavrov en un &hellip;<\/p>\n","protected":false},"author":32,"featured_media":186336,"comment_status":"closed","ping_status":"closed","sticky":false,"template":"","format":"standard","meta":{"footnotes":""},"categories":[597,467,7541],"tags":[],"class_list":["post-186335","post","type-post","status-publish","format-standard","has-post-thumbnail","","category-cinta-de-noticias","category-siria-y-el-mundo","category-ultimas-noticias"],"_links":{"self":[{"href":"https:\/\/archive.sana.sy\/es\/index.php?rest_route=\/wp\/v2\/posts\/186335"}],"collection":[{"href":"https:\/\/archive.sana.sy\/es\/index.php?rest_route=\/wp\/v2\/posts"}],"about":[{"href":"https:\/\/archive.sana.sy\/es\/index.php?rest_route=\/wp\/v2\/types\/post"}],"author":[{"embeddable":true,"href":"https:\/\/archive.sana.sy\/es\/index.php?rest_route=\/wp\/v2\/users\/32"}],"replies":[{"embeddable":true,"href":"https:\/\/archive.sana.sy\/es\/index.php?rest_route=%2Fwp%2Fv2%2Fcomments&post=186335"}],"version-history":[{"count":0,"href":"https:\/\/archive.sana.sy\/es\/index.php?rest_route=\/wp\/v2\/posts\/186335\/revisions"}],"wp:featuredmedia":[{"embeddable":true,"href":"https:\/\/archive.sana.sy\/es\/index.php?rest_route=\/wp\/v2\/media\/186336"}],"wp:attachment":[{"href":"https:\/\/archive.sana.sy\/es\/index.php?rest_route=%2Fwp%2Fv2%2Fmedia&parent=186335"}],"wp:term":[{"taxonomy":"category","embeddable":true,"href":"https:\/\/archive.sana.sy\/es\/index.php?rest_route=%2Fwp%2Fv2%2Fcategories&post=186335"},{"taxonomy":"post_tag","embeddable":true,"href":"https:\/\/archive.sana.sy\/es\/index.php?rest_route=%2Fwp%2Fv2%2Ftags&post=186335"}],"curies":[{"name":"wp","href":"https:\/\/api.w.org\/{rel}","templated":true}]}}