{"id":186345,"date":"2021-06-24T10:27:39","date_gmt":"2021-06-24T07:27:39","guid":{"rendered":"http:\/\/107.6.182.27\/es\/?p=186345"},"modified":"2021-06-24T13:21:49","modified_gmt":"2021-06-24T10:21:49","slug":"syrian-airlines-reanuda-sus-vuelos-a-abu-dhabi-a-partir-del-proximo-miercoles","status":"publish","type":"post","link":"https:\/\/archive.sana.sy\/es\/?p=186345","title":{"rendered":"Syrian Airlines reanuda sus vuelos a Abu Dhabi a partir del pr\u00f3ximo mi\u00e9rcoles"},"content":{"rendered":"<p style=\"text-align: justify;\"><span style=\"color: #800000;\"><strong>Damasco, SANA<\/strong><\/span><\/p>\n<p style=\"text-align: justify;\">La Compa\u00f1\u00eda Siria de Aviaci\u00f3n Civil (Syrian Airlines) anunci\u00f3 la reanudaci\u00f3n de sus vuelos a Abu Dhabi, a partir del pr\u00f3ximo mi\u00e9rcoles.<\/p>\n<p style=\"text-align: justify;\">El Ministerio de Transporte anunci\u00f3 el d\u00eda 15 de este mes la reanudaci\u00f3n de sus vuelos directos desde Damasco a Dub\u00e1i y Sharjah a partir del 20 de junio.<\/p>\n<p style=\"text-align: justify;\"><span style=\"color: #0000ff;\"><strong>ed\/fm<\/strong><\/span><\/p>\n","protected":false},"excerpt":{"rendered":"<p>Damasco, SANA La Compa\u00f1\u00eda Siria de Aviaci\u00f3n Civil (Syrian Airlines) anunci\u00f3 la reanudaci\u00f3n de sus vuelos a Abu Dhabi, a partir del pr\u00f3ximo mi\u00e9rcoles. El Ministerio de Transporte anunci\u00f3 el d\u00eda 15 de este mes la reanudaci\u00f3n de sus vuelos directos desde Damasco a Dub\u00e1i y Sharjah a partir del 20 de junio. ed\/fm<\/p>\n","protected":false},"author":32,"featured_media":186346,"comment_status":"closed","ping_status":"closed","sticky":false,"template":"","format":"standard","meta":{"footnotes":""},"categories":[477,597,476,7541],"tags":[],"class_list":["post-186345","post","type-post","status-publish","format-standard","has-post-thumbnail","","category-noticias-edulcorantes","category-cinta-de-noticias","category-locales","category-ultimas-noticias"],"_links":{"self":[{"href":"https:\/\/archive.sana.sy\/es\/index.php?rest_route=\/wp\/v2\/posts\/186345"}],"collection":[{"href":"https:\/\/archive.sana.sy\/es\/index.php?rest_route=\/wp\/v2\/posts"}],"about":[{"href":"https:\/\/archive.sana.sy\/es\/index.php?rest_route=\/wp\/v2\/types\/post"}],"author":[{"embeddable":true,"href":"https:\/\/archive.sana.sy\/es\/index.php?rest_route=\/wp\/v2\/users\/32"}],"replies":[{"embeddable":true,"href":"https:\/\/archive.sana.sy\/es\/index.php?rest_route=%2Fwp%2Fv2%2Fcomments&post=186345"}],"version-history":[{"count":0,"href":"https:\/\/archive.sana.sy\/es\/index.php?rest_route=\/wp\/v2\/posts\/186345\/revisions"}],"wp:featuredmedia":[{"embeddable":true,"href":"https:\/\/archive.sana.sy\/es\/index.php?rest_route=\/wp\/v2\/media\/186346"}],"wp:attachment":[{"href":"https:\/\/archive.sana.sy\/es\/index.php?rest_route=%2Fwp%2Fv2%2Fmedia&parent=186345"}],"wp:term":[{"taxonomy":"category","embeddable":true,"href":"https:\/\/archive.sana.sy\/es\/index.php?rest_route=%2Fwp%2Fv2%2Fcategories&post=186345"},{"taxonomy":"post_tag","embeddable":true,"href":"https:\/\/archive.sana.sy\/es\/index.php?rest_route=%2Fwp%2Fv2%2Ftags&post=186345"}],"curies":[{"name":"wp","href":"https:\/\/api.w.org\/{rel}","templated":true}]}}