{"id":186348,"date":"2021-06-24T10:28:30","date_gmt":"2021-06-24T07:28:30","guid":{"rendered":"http:\/\/107.6.182.27\/es\/?p=186348"},"modified":"2021-06-24T13:30:52","modified_gmt":"2021-06-24T10:30:52","slug":"atleta-sirio-ocupa-septimo-lugar-en-el-maraton-de-eslovaquia","status":"publish","type":"post","link":"https:\/\/archive.sana.sy\/es\/?p=186348","title":{"rendered":"Atleta sirio ocupa s\u00e9ptimo lugar en el marat\u00f3n de Eslovaquia"},"content":{"rendered":"<p style=\"text-align: justify;\"><strong><span style=\"color: #800000;\">Bratislava, SANA<\/span><\/strong><\/p>\n<p style=\"text-align: justify;\">El corredor sirio Imad Barakat, gan\u00f3 el 7\u00ba lugar en el Marat\u00f3n de Eslovaquia de de 16 kil\u00f3metros, entre 129 atletas participantes de Europa.<\/p>\n<p style=\"text-align: justify;\">Barakat quien a pesar de tener ciudadan\u00eda eslovaca, insiste en representar a su tierra natal, en maratones internacionales y en izar su bandera en todas las competiciones.<\/p>\n<p style=\"text-align: justify;\">Durante el pr\u00f3ximo mes, participar\u00e1 en el campeonato del mundo que se realizar\u00e1 en los Alpes, Suiza.<\/p>\n<p style=\"text-align: justify;\">Obtuvo muchos logros, entre los que destaca el t\u00edtulo del campeonato del mundo en la carrera del desierto del Sahara marroqu\u00ed en 2013 y segundo lugar en el campeonato mundial en la carrera del desierto de Om\u00e1n, cuarto lugar en el marat\u00f3n Internacional de Austria y el tercer lugar durante siete a\u00f1os en las carreras de marat\u00f3n que se llevaron a cabo en Eslovaquia y otros pa\u00edses europeos.<\/p>\n<p><span style=\"color: #0000ff;\">ed\/fm<\/span><\/p>\n<p style=\"text-align: justify;\">\n","protected":false},"excerpt":{"rendered":"<p>Bratislava, SANA El corredor sirio Imad Barakat, gan\u00f3 el 7\u00ba lugar en el Marat\u00f3n de Eslovaquia de de 16 kil\u00f3metros, entre 129 atletas participantes de Europa. Barakat quien a pesar de tener ciudadan\u00eda eslovaca, insiste en representar a su tierra natal, en maratones internacionales y en izar su bandera en todas las competiciones. Durante el &hellip;<\/p>\n","protected":false},"author":32,"featured_media":186349,"comment_status":"closed","ping_status":"closed","sticky":false,"template":"","format":"standard","meta":{"footnotes":""},"categories":[597,494,7541],"tags":[],"class_list":["post-186348","post","type-post","status-publish","format-standard","has-post-thumbnail","","category-cinta-de-noticias","category-deportes","category-ultimas-noticias"],"_links":{"self":[{"href":"https:\/\/archive.sana.sy\/es\/index.php?rest_route=\/wp\/v2\/posts\/186348"}],"collection":[{"href":"https:\/\/archive.sana.sy\/es\/index.php?rest_route=\/wp\/v2\/posts"}],"about":[{"href":"https:\/\/archive.sana.sy\/es\/index.php?rest_route=\/wp\/v2\/types\/post"}],"author":[{"embeddable":true,"href":"https:\/\/archive.sana.sy\/es\/index.php?rest_route=\/wp\/v2\/users\/32"}],"replies":[{"embeddable":true,"href":"https:\/\/archive.sana.sy\/es\/index.php?rest_route=%2Fwp%2Fv2%2Fcomments&post=186348"}],"version-history":[{"count":0,"href":"https:\/\/archive.sana.sy\/es\/index.php?rest_route=\/wp\/v2\/posts\/186348\/revisions"}],"wp:featuredmedia":[{"embeddable":true,"href":"https:\/\/archive.sana.sy\/es\/index.php?rest_route=\/wp\/v2\/media\/186349"}],"wp:attachment":[{"href":"https:\/\/archive.sana.sy\/es\/index.php?rest_route=%2Fwp%2Fv2%2Fmedia&parent=186348"}],"wp:term":[{"taxonomy":"category","embeddable":true,"href":"https:\/\/archive.sana.sy\/es\/index.php?rest_route=%2Fwp%2Fv2%2Fcategories&post=186348"},{"taxonomy":"post_tag","embeddable":true,"href":"https:\/\/archive.sana.sy\/es\/index.php?rest_route=%2Fwp%2Fv2%2Ftags&post=186348"}],"curies":[{"name":"wp","href":"https:\/\/api.w.org\/{rel}","templated":true}]}}