{"id":186365,"date":"2021-06-24T22:30:16","date_gmt":"2021-06-24T19:30:16","guid":{"rendered":"http:\/\/107.6.182.27\/es\/?p=186365"},"modified":"2021-06-24T22:40:14","modified_gmt":"2021-06-24T19:40:14","slug":"mekdad-felicita-a-su-homologo-cubano-por-victoria-diplomatica-de-cuba-en-la-asamblea-general-de-la-onu","status":"publish","type":"post","link":"https:\/\/archive.sana.sy\/es\/?p=186365","title":{"rendered":"Mekdad felicita a su hom\u00f3logo cubano por victoria diplom\u00e1tica de Cuba en la Asamblea General de la ONU"},"content":{"rendered":"<p style=\"text-align: justify;\"><strong><span style=\"color: #800000;\">Damasco, SANA<\/span><\/strong><\/p>\n<p style=\"text-align: justify;\">El ministro de Exteriores y Expatriados, Faisal Mekdad, afirm\u00f3 hoy que el resultado de la votaci\u00f3n sobre el proyecto de resoluci\u00f3n presentado por Cuba sobre la necesidad del levantamiento del injusto bloqueo estadounidense, muestra claramente la justa demanda cubana y la condena de toda la comunidad internacional al enfoque de bloqueo y sanciones.<\/p>\n<p style=\"text-align: justify;\">En un mensaje dirigido a su hom\u00f3logo cubano Bruno Rodr\u00edguez con motivo del triunfo diplom\u00e1tico que logr\u00f3 Cuba en la Asamblea General de las Naciones Unidas mediante la votaci\u00f3n de todos los pa\u00edses excepto Estados Unidos e Israel a favor del levantamiento del embargo, el Canciller dijo que \u201cel resultado de la votaci\u00f3n muestra claramente la justicia de la demanda cubana y la condena de toda la comunidad internacional a la pol\u00edtica de bloqueo y sanciones que se convirti\u00f3 en un arma inmoral de Estados Unidos para imponer su voluntad sobre los pueblos para someterlos a su hegemon\u00eda en una flagrante violaci\u00f3n del Derecho Internacional\u201d.<\/p>\n<p style=\"text-align: justify;\">Agreg\u00f3 que el hecho que la entidad de ocupaci\u00f3n israel\u00ed y Estados Unidos votaran en contra de esta resoluci\u00f3n demuestra una vez m\u00e1s que son una sola entidad con tendencia id\u00e9ntica en la hostilidad a los pueblos y la adopci\u00f3n de una pol\u00edtica de expansi\u00f3n y hegemon\u00eda.<br \/>\n\u201cEso hace la Rep\u00fablica \u00c1rabe Siria y la Rep\u00fablica de Cuba socios esenciales en la resistencia a estas pol\u00edticas destructivas de la administraci\u00f3n estadounidense, Israel y Occidente, y que constituyen una amenaza para la paz y la estabilidad internacionales\u201d, remarc\u00f3.<\/p>\n<p style=\"text-align: justify;\">Concluy\u00f3 su mensaje con reiterar la postura de Siria de apoyo a la amiga Cuba y sus justas causas, y su total solidaridad con esta naci\u00f3n hasta que se logre la mayor victoria que es el levantamiento del injusto asedio impuesto al amigo pueblo cubano.<\/p>\n<p style=\"text-align: justify;\"><strong><span style=\"color: #0000ff;\">fm\/ed<\/span><\/strong><\/p>\n","protected":false},"excerpt":{"rendered":"<p>Damasco, SANA El ministro de Exteriores y Expatriados, Faisal Mekdad, afirm\u00f3 hoy que el resultado de la votaci\u00f3n sobre el proyecto de resoluci\u00f3n presentado por Cuba sobre la necesidad del levantamiento del injusto bloqueo estadounidense, muestra claramente la justa demanda cubana y la condena de toda la comunidad internacional al enfoque de bloqueo y sanciones. &hellip;<\/p>\n","protected":false},"author":32,"featured_media":186366,"comment_status":"closed","ping_status":"closed","sticky":false,"template":"","format":"standard","meta":{"footnotes":""},"categories":[597,467,7541],"tags":[],"class_list":["post-186365","post","type-post","status-publish","format-standard","has-post-thumbnail","","category-cinta-de-noticias","category-siria-y-el-mundo","category-ultimas-noticias"],"_links":{"self":[{"href":"https:\/\/archive.sana.sy\/es\/index.php?rest_route=\/wp\/v2\/posts\/186365"}],"collection":[{"href":"https:\/\/archive.sana.sy\/es\/index.php?rest_route=\/wp\/v2\/posts"}],"about":[{"href":"https:\/\/archive.sana.sy\/es\/index.php?rest_route=\/wp\/v2\/types\/post"}],"author":[{"embeddable":true,"href":"https:\/\/archive.sana.sy\/es\/index.php?rest_route=\/wp\/v2\/users\/32"}],"replies":[{"embeddable":true,"href":"https:\/\/archive.sana.sy\/es\/index.php?rest_route=%2Fwp%2Fv2%2Fcomments&post=186365"}],"version-history":[{"count":0,"href":"https:\/\/archive.sana.sy\/es\/index.php?rest_route=\/wp\/v2\/posts\/186365\/revisions"}],"wp:featuredmedia":[{"embeddable":true,"href":"https:\/\/archive.sana.sy\/es\/index.php?rest_route=\/wp\/v2\/media\/186366"}],"wp:attachment":[{"href":"https:\/\/archive.sana.sy\/es\/index.php?rest_route=%2Fwp%2Fv2%2Fmedia&parent=186365"}],"wp:term":[{"taxonomy":"category","embeddable":true,"href":"https:\/\/archive.sana.sy\/es\/index.php?rest_route=%2Fwp%2Fv2%2Fcategories&post=186365"},{"taxonomy":"post_tag","embeddable":true,"href":"https:\/\/archive.sana.sy\/es\/index.php?rest_route=%2Fwp%2Fv2%2Ftags&post=186365"}],"curies":[{"name":"wp","href":"https:\/\/api.w.org\/{rel}","templated":true}]}}