{"id":186479,"date":"2021-06-25T14:32:32","date_gmt":"2021-06-25T11:32:32","guid":{"rendered":"http:\/\/107.6.182.27\/es\/?p=186479"},"modified":"2021-06-25T22:50:40","modified_gmt":"2021-06-25T19:50:40","slug":"muere-un-civil-por-explosion-de-una-bomba-colocada-en-su-coche-en-quneitra","status":"publish","type":"post","link":"https:\/\/archive.sana.sy\/es\/?p=186479","title":{"rendered":"Muere un civil por explosi\u00f3n de una bomba colocada en su coche en Quneitra"},"content":{"rendered":"<p><span style=\"color: #800000;\">Quneitra, SANA<\/span><\/p>\n<p style=\"text-align: justify;\">Un civil perdi\u00f3 la vida por la explosi\u00f3n de una bomba colocada por desconocidos en su autom\u00f3vil en el poblado de Karkas, en el sur de la provincia sudoccidental de Quneitra.<\/p>\n<p style=\"text-align: justify;\">De acuerdo con el corresponsal de SANA, en el incidente resultaron adem\u00e1s heridos dos hijos de la persona fallecida, que fueron trasladados al Hospital del M\u00e1rtir Mamdouh Abaza en la ciudad de Al-Baath.<\/p>\n<p style=\"text-align: justify;\">Una fuente m\u00e9dica detall\u00f3 que el hospital recibi\u00f3 a dos ni\u00f1os, de 3 y 5 a\u00f1os, agregando que los dos afectados recibieron tratamiento y su estado de salud es estable.<\/p>\n<p style=\"text-align: justify;\">El 16 de este mes, un civil result\u00f3 lesionado por la explosi\u00f3n de una bomba colocada por desconocidos en su autom\u00f3vil en el poblado de Rafid, en el sur de la provincia sudoccidental de Quneitra.<\/p>\n<p><em>mm<\/em><\/p>\n","protected":false},"excerpt":{"rendered":"<p>Quneitra, SANA Un civil perdi\u00f3 la vida por la explosi\u00f3n de una bomba colocada por desconocidos en su autom\u00f3vil en el poblado de Karkas, en el sur de la provincia sudoccidental de Quneitra. De acuerdo con el corresponsal de SANA, en el incidente resultaron adem\u00e1s heridos dos hijos de la persona fallecida, que fueron trasladados &hellip;<\/p>\n","protected":false},"author":36,"featured_media":186480,"comment_status":"closed","ping_status":"closed","sticky":false,"template":"","format":"standard","meta":{"footnotes":""},"categories":[597,573],"tags":[],"class_list":["post-186479","post","type-post","status-publish","format-standard","has-post-thumbnail","","category-cinta-de-noticias","category-la-realidad-de-los-acontecimientos-en-siria"],"_links":{"self":[{"href":"https:\/\/archive.sana.sy\/es\/index.php?rest_route=\/wp\/v2\/posts\/186479"}],"collection":[{"href":"https:\/\/archive.sana.sy\/es\/index.php?rest_route=\/wp\/v2\/posts"}],"about":[{"href":"https:\/\/archive.sana.sy\/es\/index.php?rest_route=\/wp\/v2\/types\/post"}],"author":[{"embeddable":true,"href":"https:\/\/archive.sana.sy\/es\/index.php?rest_route=\/wp\/v2\/users\/36"}],"replies":[{"embeddable":true,"href":"https:\/\/archive.sana.sy\/es\/index.php?rest_route=%2Fwp%2Fv2%2Fcomments&post=186479"}],"version-history":[{"count":0,"href":"https:\/\/archive.sana.sy\/es\/index.php?rest_route=\/wp\/v2\/posts\/186479\/revisions"}],"wp:featuredmedia":[{"embeddable":true,"href":"https:\/\/archive.sana.sy\/es\/index.php?rest_route=\/wp\/v2\/media\/186480"}],"wp:attachment":[{"href":"https:\/\/archive.sana.sy\/es\/index.php?rest_route=%2Fwp%2Fv2%2Fmedia&parent=186479"}],"wp:term":[{"taxonomy":"category","embeddable":true,"href":"https:\/\/archive.sana.sy\/es\/index.php?rest_route=%2Fwp%2Fv2%2Fcategories&post=186479"},{"taxonomy":"post_tag","embeddable":true,"href":"https:\/\/archive.sana.sy\/es\/index.php?rest_route=%2Fwp%2Fv2%2Ftags&post=186479"}],"curies":[{"name":"wp","href":"https:\/\/api.w.org\/{rel}","templated":true}]}}