{"id":186491,"date":"2021-06-25T14:56:34","date_gmt":"2021-06-25T11:56:34","guid":{"rendered":"http:\/\/107.6.182.27\/es\/?p=186491"},"modified":"2023-01-12T14:41:01","modified_gmt":"2023-01-12T12:41:01","slug":"dron-ofensivo-yemeni-impacta-la-base-aerea-saudi-del-rey-khalid","status":"publish","type":"post","link":"https:\/\/archive.sana.sy\/es\/?p=186491","title":{"rendered":"Dron ofensivo yemen\u00ed impacta la base a\u00e9rea saud\u00ed del rey Khalid"},"content":{"rendered":"<p><span style=\"color: #800000;\">San\u00e1, SANA<\/span><\/p>\n<p style=\"text-align: justify;\">El portavoz de las Fuerzas Armadas de Yemen, el general de brigada Yahya Sari, anunci\u00f3 que la base a\u00e9rea saud\u00ed del rey Khalid en Khamis Mushait hab\u00eda sido atacada por un avi\u00f3n no tripulado Qasef-2 (K-2).<\/p>\n<p style=\"text-align: justify;\">Sari confirm\u00f3 que el impacto fue preciso y agrega que el bombardeo se produjo en respuesta al continuo asedio y agresi\u00f3n a su pa\u00eds&#8221;.<\/p>\n<p style=\"text-align: justify;\">El 19 de este mes en curso, las fuerzas armadas yemen\u00edes tambi\u00e9n anunciaron que hab\u00edan llevado a cabo un ataque contra la base a\u00e9rea del rey en Khamis Mushait, Arabia Saudita, con varios drones ofensivos.<\/p>\n<p><em>mm<\/em><\/p>\n","protected":false},"excerpt":{"rendered":"<p>San\u00e1, SANA El portavoz de las Fuerzas Armadas de Yemen, el general de brigada Yahya Sari, anunci\u00f3 que la base a\u00e9rea saud\u00ed del rey Khalid en Khamis Mushait hab\u00eda sido atacada por un avi\u00f3n no tripulado Qasef-2 (K-2). Sari confirm\u00f3 que el impacto fue preciso y agrega que el bombardeo se produjo en respuesta al &hellip;<\/p>\n","protected":false},"author":36,"featured_media":186501,"comment_status":"closed","ping_status":"closed","sticky":false,"template":"","format":"standard","meta":{"footnotes":""},"categories":[597,456,457],"tags":[],"class_list":["post-186491","post","type-post","status-publish","format-standard","has-post-thumbnail","","category-cinta-de-noticias","category-arabe-internacional-politica","category-noticias-arabe-internacional-politica"],"_links":{"self":[{"href":"https:\/\/archive.sana.sy\/es\/index.php?rest_route=\/wp\/v2\/posts\/186491"}],"collection":[{"href":"https:\/\/archive.sana.sy\/es\/index.php?rest_route=\/wp\/v2\/posts"}],"about":[{"href":"https:\/\/archive.sana.sy\/es\/index.php?rest_route=\/wp\/v2\/types\/post"}],"author":[{"embeddable":true,"href":"https:\/\/archive.sana.sy\/es\/index.php?rest_route=\/wp\/v2\/users\/36"}],"replies":[{"embeddable":true,"href":"https:\/\/archive.sana.sy\/es\/index.php?rest_route=%2Fwp%2Fv2%2Fcomments&post=186491"}],"version-history":[{"count":0,"href":"https:\/\/archive.sana.sy\/es\/index.php?rest_route=\/wp\/v2\/posts\/186491\/revisions"}],"wp:featuredmedia":[{"embeddable":true,"href":"https:\/\/archive.sana.sy\/es\/index.php?rest_route=\/wp\/v2\/media\/186501"}],"wp:attachment":[{"href":"https:\/\/archive.sana.sy\/es\/index.php?rest_route=%2Fwp%2Fv2%2Fmedia&parent=186491"}],"wp:term":[{"taxonomy":"category","embeddable":true,"href":"https:\/\/archive.sana.sy\/es\/index.php?rest_route=%2Fwp%2Fv2%2Fcategories&post=186491"},{"taxonomy":"post_tag","embeddable":true,"href":"https:\/\/archive.sana.sy\/es\/index.php?rest_route=%2Fwp%2Fv2%2Ftags&post=186491"}],"curies":[{"name":"wp","href":"https:\/\/api.w.org\/{rel}","templated":true}]}}