{"id":186508,"date":"2021-06-25T15:30:44","date_gmt":"2021-06-25T12:30:44","guid":{"rendered":"http:\/\/107.6.182.27\/es\/?p=186508"},"modified":"2021-06-25T15:30:44","modified_gmt":"2021-06-25T12:30:44","slug":"alepo-instituto-al-amal-para-personas-con-discapacidades-fisicas-y-mentales-reabre-sus-puertas","status":"publish","type":"post","link":"https:\/\/archive.sana.sy\/es\/?p=186508","title":{"rendered":"Alepo: Instituto Al Amal para personas con discapacidades f\u00edsicas y mentales reabre sus puertas"},"content":{"rendered":"<p><span style=\"color: #800000;\">Alepo, SANA<\/span><\/p>\n<p style=\"text-align: justify;\">El Instituto Al Amal ( Esperanza) para personas con discapacidades f\u00edsicas y mentales reabri\u00f3 sus puertas en el \u00e1rea de Suleiman Al-Halabi en la gobernaci\u00f3n de Alepo, despu\u00e9s de completar su rehabilitaci\u00f3n y restauraci\u00f3n de los da\u00f1os sufridos como resultado de los ataques terroristas.<\/p>\n<p style=\"text-align: justify;\">En este sentido, la directora del instituto, Ghufran Kawas, declar\u00f3 a la reportera de SANA que el centro recibe a los ni\u00f1os de entre 6 y 12 a\u00f1os de edad con discapacidad f\u00edsica y mental.<\/p>\n<p style=\"text-align: justify;\">Tambi\u00e9n aclar\u00f3 que el instituto se pondr\u00e1 en funcionamiento a principios del pr\u00f3ximo curso acad\u00e9mico para volver a prestar sus servicios a trav\u00e9s de sus distintos departamentos y mediante cursos de educaci\u00f3n, formaci\u00f3n y rehabilitaci\u00f3n, entre otros.<\/p>\n<p><em>mm<\/em><\/p>\n<p>&nbsp;<\/p>\n","protected":false},"excerpt":{"rendered":"<p>Alepo, SANA El Instituto Al Amal ( Esperanza) para personas con discapacidades f\u00edsicas y mentales reabri\u00f3 sus puertas en el \u00e1rea de Suleiman Al-Halabi en la gobernaci\u00f3n de Alepo, despu\u00e9s de completar su rehabilitaci\u00f3n y restauraci\u00f3n de los da\u00f1os sufridos como resultado de los ataques terroristas. En este sentido, la directora del instituto, Ghufran Kawas, &hellip;<\/p>\n","protected":false},"author":36,"featured_media":186509,"comment_status":"closed","ping_status":"closed","sticky":false,"template":"","format":"standard","meta":{"footnotes":""},"categories":[597,476],"tags":[],"class_list":["post-186508","post","type-post","status-publish","format-standard","has-post-thumbnail","","category-cinta-de-noticias","category-locales"],"_links":{"self":[{"href":"https:\/\/archive.sana.sy\/es\/index.php?rest_route=\/wp\/v2\/posts\/186508"}],"collection":[{"href":"https:\/\/archive.sana.sy\/es\/index.php?rest_route=\/wp\/v2\/posts"}],"about":[{"href":"https:\/\/archive.sana.sy\/es\/index.php?rest_route=\/wp\/v2\/types\/post"}],"author":[{"embeddable":true,"href":"https:\/\/archive.sana.sy\/es\/index.php?rest_route=\/wp\/v2\/users\/36"}],"replies":[{"embeddable":true,"href":"https:\/\/archive.sana.sy\/es\/index.php?rest_route=%2Fwp%2Fv2%2Fcomments&post=186508"}],"version-history":[{"count":0,"href":"https:\/\/archive.sana.sy\/es\/index.php?rest_route=\/wp\/v2\/posts\/186508\/revisions"}],"wp:featuredmedia":[{"embeddable":true,"href":"https:\/\/archive.sana.sy\/es\/index.php?rest_route=\/wp\/v2\/media\/186509"}],"wp:attachment":[{"href":"https:\/\/archive.sana.sy\/es\/index.php?rest_route=%2Fwp%2Fv2%2Fmedia&parent=186508"}],"wp:term":[{"taxonomy":"category","embeddable":true,"href":"https:\/\/archive.sana.sy\/es\/index.php?rest_route=%2Fwp%2Fv2%2Fcategories&post=186508"},{"taxonomy":"post_tag","embeddable":true,"href":"https:\/\/archive.sana.sy\/es\/index.php?rest_route=%2Fwp%2Fv2%2Ftags&post=186508"}],"curies":[{"name":"wp","href":"https:\/\/api.w.org\/{rel}","templated":true}]}}