{"id":186533,"date":"2021-06-25T17:16:12","date_gmt":"2021-06-25T14:16:12","guid":{"rendered":"http:\/\/107.6.182.27\/es\/?p=186533"},"modified":"2021-06-25T17:16:12","modified_gmt":"2021-06-25T14:16:12","slug":"el-ocupante-estadounidense-ingresa-a-hasakeh-38-nuevos-vehiculos-cargados-de-equipos-y-materiales-logisticos","status":"publish","type":"post","link":"https:\/\/archive.sana.sy\/es\/?p=186533","title":{"rendered":"El ocupante estadounidense ingresa a Hasakeh 38 nuevos veh\u00edculos cargados de equipos y materiales log\u00edsticos"},"content":{"rendered":"<p><span style=\"color: #800000;\">Hasakeh, SANA<\/span><\/p>\n<p style=\"text-align: justify;\">Las fuerzas de ocupaci\u00f3n estadounidenses introdujeron un convoy de veh\u00edculos cargados con materiales y equipos log\u00edsticos procedentes de Irak para reforzar sus bases ilegales en el campo de la provincia nororiental de Hasakeh.<\/p>\n<p style=\"text-align: justify;\">Activistas locales en el \u00e1rea de Te Hamis comunicaron a SANA que \u201clas fuerzas de ocupaci\u00f3n enviaron una columna de 38 veh\u00edculos, contenedores y camiones cisterna, y entraron en territorio sirio a trav\u00e9s del cruce ilegal de Al-Walid con Iraq, y se dirigieron hacia las bases de Washington en Hasakeh.<\/p>\n<p style=\"text-align: justify;\">Ayer, jueves, las fuerzas de ocupaci\u00f3n estadounidenses ingresaron 33 camiones cargados con material militar a trav\u00e9s del cruce ilegal de Al-Walid hacia el campo de Hasakeh, como parte del fortalecimiento de sus bases ilegales en Siria.<\/p>\n<p style=\"text-align: justify;\">\n<em>mm<\/em><\/p>\n","protected":false},"excerpt":{"rendered":"<p>Hasakeh, SANA Las fuerzas de ocupaci\u00f3n estadounidenses introdujeron un convoy de veh\u00edculos cargados con materiales y equipos log\u00edsticos procedentes de Irak para reforzar sus bases ilegales en el campo de la provincia nororiental de Hasakeh. Activistas locales en el \u00e1rea de Te Hamis comunicaron a SANA que \u201clas fuerzas de ocupaci\u00f3n enviaron una columna de &hellip;<\/p>\n","protected":false},"author":36,"featured_media":186534,"comment_status":"closed","ping_status":"closed","sticky":false,"template":"","format":"standard","meta":{"footnotes":""},"categories":[597,573,7541],"tags":[],"class_list":["post-186533","post","type-post","status-publish","format-standard","has-post-thumbnail","","category-cinta-de-noticias","category-la-realidad-de-los-acontecimientos-en-siria","category-ultimas-noticias"],"_links":{"self":[{"href":"https:\/\/archive.sana.sy\/es\/index.php?rest_route=\/wp\/v2\/posts\/186533"}],"collection":[{"href":"https:\/\/archive.sana.sy\/es\/index.php?rest_route=\/wp\/v2\/posts"}],"about":[{"href":"https:\/\/archive.sana.sy\/es\/index.php?rest_route=\/wp\/v2\/types\/post"}],"author":[{"embeddable":true,"href":"https:\/\/archive.sana.sy\/es\/index.php?rest_route=\/wp\/v2\/users\/36"}],"replies":[{"embeddable":true,"href":"https:\/\/archive.sana.sy\/es\/index.php?rest_route=%2Fwp%2Fv2%2Fcomments&post=186533"}],"version-history":[{"count":0,"href":"https:\/\/archive.sana.sy\/es\/index.php?rest_route=\/wp\/v2\/posts\/186533\/revisions"}],"wp:featuredmedia":[{"embeddable":true,"href":"https:\/\/archive.sana.sy\/es\/index.php?rest_route=\/wp\/v2\/media\/186534"}],"wp:attachment":[{"href":"https:\/\/archive.sana.sy\/es\/index.php?rest_route=%2Fwp%2Fv2%2Fmedia&parent=186533"}],"wp:term":[{"taxonomy":"category","embeddable":true,"href":"https:\/\/archive.sana.sy\/es\/index.php?rest_route=%2Fwp%2Fv2%2Fcategories&post=186533"},{"taxonomy":"post_tag","embeddable":true,"href":"https:\/\/archive.sana.sy\/es\/index.php?rest_route=%2Fwp%2Fv2%2Ftags&post=186533"}],"curies":[{"name":"wp","href":"https:\/\/api.w.org\/{rel}","templated":true}]}}