{"id":186567,"date":"2021-06-25T22:26:31","date_gmt":"2021-06-25T19:26:31","guid":{"rendered":"http:\/\/107.6.182.27\/es\/?p=186567"},"modified":"2023-01-12T14:41:00","modified_gmt":"2023-01-12T12:41:00","slug":"fuerzas-de-ocupacion-israelies-atacan-una-ambulancia-al-sur-de-naplusa","status":"publish","type":"post","link":"https:\/\/archive.sana.sy\/es\/?p=186567","title":{"rendered":"Fuerzas de ocupaci\u00f3n israel\u00edes atacan una ambulancia al sur de Naplusa"},"content":{"rendered":"<p><span style=\"color: #800000;\">Jerusal\u00e9n ocupada, SANA<\/span><\/p>\n<p style=\"text-align: justify;\">Dos palestinos resultaron heridos cuando las fuerzas de ocupaci\u00f3n israel\u00edes abrieron el fuego de sus armas contra una ambulancia, durante una manifestaci\u00f3n contra los asentamientos al sur de Naplusa en Cisjordania.<\/p>\n<p style=\"text-align: justify;\">Fuentes m\u00e9dicas palestinas citadas por la agencia de noticias Wafa informaron que las fuerzas de ocupaci\u00f3n dispararon contra el veh\u00edculo, lo que provoc\u00f3 heridas a dos param\u00e9dicos que estaban dentro del mismo.<\/p>\n<p style=\"text-align: justify;\">En la misma jornada de hoy, varios palestinos resultaron heridos por la represi\u00f3n de las fuerzas de ocupaci\u00f3n israel\u00edes a una manifestaci\u00f3n contra los asentamientos en la ciudad de Beita, al sur de Naplusa en Cisjordania.<\/p>\n<p><span style=\"color: #0000ff;\">fm\/rr<\/span><\/p>\n","protected":false},"excerpt":{"rendered":"<p>Jerusal\u00e9n ocupada, SANA Dos palestinos resultaron heridos cuando las fuerzas de ocupaci\u00f3n israel\u00edes abrieron el fuego de sus armas contra una ambulancia, durante una manifestaci\u00f3n contra los asentamientos al sur de Naplusa en Cisjordania. Fuentes m\u00e9dicas palestinas citadas por la agencia de noticias Wafa informaron que las fuerzas de ocupaci\u00f3n dispararon contra el veh\u00edculo, lo &hellip;<\/p>\n","protected":false},"author":31,"featured_media":186568,"comment_status":"closed","ping_status":"closed","sticky":false,"template":"","format":"standard","meta":{"footnotes":""},"categories":[456],"tags":[],"class_list":["post-186567","post","type-post","status-publish","format-standard","has-post-thumbnail","","category-arabe-internacional-politica"],"_links":{"self":[{"href":"https:\/\/archive.sana.sy\/es\/index.php?rest_route=\/wp\/v2\/posts\/186567"}],"collection":[{"href":"https:\/\/archive.sana.sy\/es\/index.php?rest_route=\/wp\/v2\/posts"}],"about":[{"href":"https:\/\/archive.sana.sy\/es\/index.php?rest_route=\/wp\/v2\/types\/post"}],"author":[{"embeddable":true,"href":"https:\/\/archive.sana.sy\/es\/index.php?rest_route=\/wp\/v2\/users\/31"}],"replies":[{"embeddable":true,"href":"https:\/\/archive.sana.sy\/es\/index.php?rest_route=%2Fwp%2Fv2%2Fcomments&post=186567"}],"version-history":[{"count":0,"href":"https:\/\/archive.sana.sy\/es\/index.php?rest_route=\/wp\/v2\/posts\/186567\/revisions"}],"wp:featuredmedia":[{"embeddable":true,"href":"https:\/\/archive.sana.sy\/es\/index.php?rest_route=\/wp\/v2\/media\/186568"}],"wp:attachment":[{"href":"https:\/\/archive.sana.sy\/es\/index.php?rest_route=%2Fwp%2Fv2%2Fmedia&parent=186567"}],"wp:term":[{"taxonomy":"category","embeddable":true,"href":"https:\/\/archive.sana.sy\/es\/index.php?rest_route=%2Fwp%2Fv2%2Fcategories&post=186567"},{"taxonomy":"post_tag","embeddable":true,"href":"https:\/\/archive.sana.sy\/es\/index.php?rest_route=%2Fwp%2Fv2%2Ftags&post=186567"}],"curies":[{"name":"wp","href":"https:\/\/api.w.org\/{rel}","templated":true}]}}