{"id":186573,"date":"2021-06-26T06:49:32","date_gmt":"2021-06-26T03:49:32","guid":{"rendered":"http:\/\/107.6.182.27\/es\/?p=186573"},"modified":"2023-01-10T14:27:56","modified_gmt":"2023-01-10T12:27:56","slug":"iran-exige-respeto-a-soberania-e-integridad-territorial-de-siria","status":"publish","type":"post","link":"https:\/\/archive.sana.sy\/es\/?p=186573","title":{"rendered":"Ir\u00e1n exige respeto a soberan\u00eda e integridad territorial de Siria"},"content":{"rendered":"<p style=\"text-align: justify;\"><strong><span style=\"color: #800000;\">Nueva York, SANA<\/span><\/strong><\/p>\n<p style=\"text-align: justify;\">El representante permanente de Ir\u00e1n ante las Naciones Unidas, Majid Takht Ravanchi, reiter\u00f3 la postura de su pa\u00eds que pide respeto a la soberan\u00eda e integridad territorial de Siria y la no injerencia en sus asuntos.<\/p>\n<p style=\"text-align: justify;\">\u201cLa inestable situaci\u00f3n en Siria es causada por las pr\u00e1cticas agresivas de la entidad israel\u00ed y la presencia ilegal de algunas fuerzas extranjeras, organizaciones separatistas y grupos terroristas en partes del territorio sirio\u201d, dijo Takht Ravanchi durante una reuni\u00f3n del Consejo de Seguridad de la ONU.<\/p>\n<p style=\"text-align: justify;\">Advirti\u00f3 sobre las repercusiones de esta situaci\u00f3n sobre la seguridad, la estabilidad y la paz en la regi\u00f3n y el mundo.<\/p>\n<p style=\"text-align: justify;\">El delegado iran\u00ed destac\u00f3 la necesidad de resolver la crisis en Siria de manera pac\u00edfica y en virtud de los principios del Derecho Internacional.<\/p>\n<p style=\"text-align: justify;\">Asimismo, destac\u00f3 la necesidad de respetar la soberan\u00eda e integridad territorial de los pa\u00edses y no interferir en sus asuntos internos o externos.<\/p>\n<p style=\"text-align: justify;\"><span style=\"color: #0000ff;\"><strong>fm<\/strong><\/span><\/p>\n","protected":false},"excerpt":{"rendered":"<p>Nueva York, SANA El representante permanente de Ir\u00e1n ante las Naciones Unidas, Majid Takht Ravanchi, reiter\u00f3 la postura de su pa\u00eds que pide respeto a la soberan\u00eda e integridad territorial de Siria y la no injerencia en sus asuntos. \u201cLa inestable situaci\u00f3n en Siria es causada por las pr\u00e1cticas agresivas de la entidad israel\u00ed y &hellip;<\/p>\n","protected":false},"author":34,"featured_media":186574,"comment_status":"closed","ping_status":"closed","sticky":false,"template":"","format":"standard","meta":{"footnotes":""},"categories":[447,597,467,7541,1],"tags":[],"class_list":["post-186573","post","type-post","status-publish","format-standard","has-post-thumbnail","","category-local-politica","category-cinta-de-noticias","category-siria-y-el-mundo","category-ultimas-noticias","category-news-not-sorted"],"_links":{"self":[{"href":"https:\/\/archive.sana.sy\/es\/index.php?rest_route=\/wp\/v2\/posts\/186573"}],"collection":[{"href":"https:\/\/archive.sana.sy\/es\/index.php?rest_route=\/wp\/v2\/posts"}],"about":[{"href":"https:\/\/archive.sana.sy\/es\/index.php?rest_route=\/wp\/v2\/types\/post"}],"author":[{"embeddable":true,"href":"https:\/\/archive.sana.sy\/es\/index.php?rest_route=\/wp\/v2\/users\/34"}],"replies":[{"embeddable":true,"href":"https:\/\/archive.sana.sy\/es\/index.php?rest_route=%2Fwp%2Fv2%2Fcomments&post=186573"}],"version-history":[{"count":0,"href":"https:\/\/archive.sana.sy\/es\/index.php?rest_route=\/wp\/v2\/posts\/186573\/revisions"}],"wp:featuredmedia":[{"embeddable":true,"href":"https:\/\/archive.sana.sy\/es\/index.php?rest_route=\/wp\/v2\/media\/186574"}],"wp:attachment":[{"href":"https:\/\/archive.sana.sy\/es\/index.php?rest_route=%2Fwp%2Fv2%2Fmedia&parent=186573"}],"wp:term":[{"taxonomy":"category","embeddable":true,"href":"https:\/\/archive.sana.sy\/es\/index.php?rest_route=%2Fwp%2Fv2%2Fcategories&post=186573"},{"taxonomy":"post_tag","embeddable":true,"href":"https:\/\/archive.sana.sy\/es\/index.php?rest_route=%2Fwp%2Fv2%2Ftags&post=186573"}],"curies":[{"name":"wp","href":"https:\/\/api.w.org\/{rel}","templated":true}]}}