{"id":186714,"date":"2021-06-27T14:37:50","date_gmt":"2021-06-27T11:37:50","guid":{"rendered":"http:\/\/107.6.182.27\/es\/?p=186714"},"modified":"2023-01-12T14:41:00","modified_gmt":"2023-01-12T12:41:00","slug":"iran-dispone-de-drones-con-alcance-de-7000-km","status":"publish","type":"post","link":"https:\/\/archive.sana.sy\/es\/?p=186714","title":{"rendered":"Ir\u00e1n dispone de drones con alcance de 7000 km"},"content":{"rendered":"<p style=\"text-align: justify;\"><strong><span style=\"color: #800000;\">Teher\u00e1n, SANA<\/span><\/strong><\/p>\n<p style=\"text-align: justify;\">El Comandante en Jefe de la Guardia Revolucionaria de Ir\u00e1n, el Mayor General Hossein Salami, anunci\u00f3 que la Guardia Revolucionaria dispone de drones con un alcance de 7.000 kil\u00f3metros capaces de aterrizar en cualquier lugar.<\/p>\n<p style=\"text-align: justify;\">Por su parte, el comandante de la Fuerza Naval iran\u00ed, el almirante Hossein Khanzadi, afirm\u00f3 que la pol\u00edtica de defensa de Ir\u00e1n se basa en la disuasi\u00f3n, y explic\u00f3 que &#8220;quienes piensan en atacar a Ir\u00e1n deber\u00e1n saber que lo que ganan ser\u00e1 mucho menos de lo que pierden&#8221;.<\/p>\n<p style=\"text-align: justify;\">Agreg\u00f3 que la presencia iran\u00ed en los mares es superior a muchos pa\u00edses, incluido Estados Unidos.<\/p>\n<p style=\"text-align: justify;\"><strong><span style=\"color: #0000ff;\">fm\/ed<\/span><\/strong><\/p>\n","protected":false},"excerpt":{"rendered":"<p>Teher\u00e1n, SANA El Comandante en Jefe de la Guardia Revolucionaria de Ir\u00e1n, el Mayor General Hossein Salami, anunci\u00f3 que la Guardia Revolucionaria dispone de drones con un alcance de 7.000 kil\u00f3metros capaces de aterrizar en cualquier lugar. Por su parte, el comandante de la Fuerza Naval iran\u00ed, el almirante Hossein Khanzadi, afirm\u00f3 que la pol\u00edtica &hellip;<\/p>\n","protected":false},"author":32,"featured_media":186715,"comment_status":"closed","ping_status":"closed","sticky":false,"template":"","format":"standard","meta":{"footnotes":""},"categories":[597,456],"tags":[],"class_list":["post-186714","post","type-post","status-publish","format-standard","has-post-thumbnail","","category-cinta-de-noticias","category-arabe-internacional-politica"],"_links":{"self":[{"href":"https:\/\/archive.sana.sy\/es\/index.php?rest_route=\/wp\/v2\/posts\/186714"}],"collection":[{"href":"https:\/\/archive.sana.sy\/es\/index.php?rest_route=\/wp\/v2\/posts"}],"about":[{"href":"https:\/\/archive.sana.sy\/es\/index.php?rest_route=\/wp\/v2\/types\/post"}],"author":[{"embeddable":true,"href":"https:\/\/archive.sana.sy\/es\/index.php?rest_route=\/wp\/v2\/users\/32"}],"replies":[{"embeddable":true,"href":"https:\/\/archive.sana.sy\/es\/index.php?rest_route=%2Fwp%2Fv2%2Fcomments&post=186714"}],"version-history":[{"count":0,"href":"https:\/\/archive.sana.sy\/es\/index.php?rest_route=\/wp\/v2\/posts\/186714\/revisions"}],"wp:featuredmedia":[{"embeddable":true,"href":"https:\/\/archive.sana.sy\/es\/index.php?rest_route=\/wp\/v2\/media\/186715"}],"wp:attachment":[{"href":"https:\/\/archive.sana.sy\/es\/index.php?rest_route=%2Fwp%2Fv2%2Fmedia&parent=186714"}],"wp:term":[{"taxonomy":"category","embeddable":true,"href":"https:\/\/archive.sana.sy\/es\/index.php?rest_route=%2Fwp%2Fv2%2Fcategories&post=186714"},{"taxonomy":"post_tag","embeddable":true,"href":"https:\/\/archive.sana.sy\/es\/index.php?rest_route=%2Fwp%2Fv2%2Ftags&post=186714"}],"curies":[{"name":"wp","href":"https:\/\/api.w.org\/{rel}","templated":true}]}}