{"id":186717,"date":"2021-06-27T15:11:38","date_gmt":"2021-06-27T12:11:38","guid":{"rendered":"http:\/\/107.6.182.27\/es\/?p=186717"},"modified":"2021-06-27T15:28:33","modified_gmt":"2021-06-27T12:28:33","slug":"ministerio-de-exteriores-y-expatriados-la-republica-arabe-siria-condena-en-los-terminos-mas-energicos-las-recientes-declaraciones-estadounidenses-e-israelies-sobre-el-golan-sirio-ocupado-las-cuales","status":"publish","type":"post","link":"https:\/\/archive.sana.sy\/es\/?p=186717","title":{"rendered":"Ministerio de Exteriores y Expatriados: La Rep\u00fablica \u00c1rabe Siria condena en los t\u00e9rminos m\u00e1s en\u00e9rgicos las recientes declaraciones estadounidenses e israel\u00edes sobre el Gol\u00e1n sirio ocupado, las cuales confirman que la pol\u00edtica estadounidense hacia la naci\u00f3n \u00e1rabe y sus causas proviene de la perspectiva israel\u00ed y sirve a su pol\u00edtica agresiva, expansionista y hegem\u00f3nica en la regi\u00f3n"},"content":{"rendered":"","protected":false},"excerpt":{"rendered":"","protected":false},"author":32,"featured_media":0,"comment_status":"closed","ping_status":"closed","sticky":false,"template":"","format":"standard","meta":{"footnotes":""},"categories":[1],"tags":[],"class_list":["post-186717","post","type-post","status-publish","format-standard","","category-news-not-sorted"],"_links":{"self":[{"href":"https:\/\/archive.sana.sy\/es\/index.php?rest_route=\/wp\/v2\/posts\/186717"}],"collection":[{"href":"https:\/\/archive.sana.sy\/es\/index.php?rest_route=\/wp\/v2\/posts"}],"about":[{"href":"https:\/\/archive.sana.sy\/es\/index.php?rest_route=\/wp\/v2\/types\/post"}],"author":[{"embeddable":true,"href":"https:\/\/archive.sana.sy\/es\/index.php?rest_route=\/wp\/v2\/users\/32"}],"replies":[{"embeddable":true,"href":"https:\/\/archive.sana.sy\/es\/index.php?rest_route=%2Fwp%2Fv2%2Fcomments&post=186717"}],"version-history":[{"count":0,"href":"https:\/\/archive.sana.sy\/es\/index.php?rest_route=\/wp\/v2\/posts\/186717\/revisions"}],"wp:attachment":[{"href":"https:\/\/archive.sana.sy\/es\/index.php?rest_route=%2Fwp%2Fv2%2Fmedia&parent=186717"}],"wp:term":[{"taxonomy":"category","embeddable":true,"href":"https:\/\/archive.sana.sy\/es\/index.php?rest_route=%2Fwp%2Fv2%2Fcategories&post=186717"},{"taxonomy":"post_tag","embeddable":true,"href":"https:\/\/archive.sana.sy\/es\/index.php?rest_route=%2Fwp%2Fv2%2Ftags&post=186717"}],"curies":[{"name":"wp","href":"https:\/\/api.w.org\/{rel}","templated":true}]}}