{"id":186719,"date":"2021-06-27T15:20:49","date_gmt":"2021-06-27T12:20:49","guid":{"rendered":"http:\/\/107.6.182.27\/es\/?p=186719"},"modified":"2023-01-10T14:27:54","modified_gmt":"2023-01-10T12:27:54","slug":"siria-condena-recientes-declaraciones-estadounidenses-e-israelies-sobre-el-golan-sirio-ocupado","status":"publish","type":"post","link":"https:\/\/archive.sana.sy\/es\/?p=186719","title":{"rendered":"Siria condena recientes declaraciones estadounidenses e israel\u00edes sobre el Gol\u00e1n sirio ocupado"},"content":{"rendered":"<p style=\"text-align: justify;\">\u00a0<span style=\"color: #800000;\"><strong>Damasco, SANA<\/strong><\/span><\/p>\n<p style=\"text-align: justify;\">Siria conden\u00f3 hoy las recientes declaraciones estadounidenses e israel\u00edes sobre el Gol\u00e1n sirio ocupado y afirm\u00f3 que la pol\u00edtica estadounidense favorece la pol\u00edtica agresiva, expansionista y hegem\u00f3nica de \u201cIsrael\u201d en la regi\u00f3n.<\/p>\n<p style=\"text-align: justify;\">\u201cLa Rep\u00fablica \u00c1rabe Siria condena en los t\u00e9rminos m\u00e1s en\u00e9rgicos las recientes declaraciones estadounidenses e israel\u00edes sobre el Gol\u00e1n sirio ocupado, las cuales confirman que la pol\u00edtica estadounidense hacia la naci\u00f3n \u00e1rabe y sus causas proviene de la perspectiva israel\u00ed y sirve a su pol\u00edtica agresiva, expansionista y hegem\u00f3nica en la regi\u00f3n\u201d, anunci\u00f3 el Ministerio de Exteriores y Expatriados por medio de un comunicado.<\/p>\n<p style=\"text-align: justify;\">Ratific\u00f3 el invariable derecho de Siria a recuperar el Gol\u00e1n ocupado y asegur\u00f3 que este derecho est\u00e1 respaldado por las resoluciones de la legalidad internacional.<\/p>\n<p style=\"text-align: justify;\">\u201cEs un derecho que no caduca con el tiempo y todas las posturas estadounidenses e israel\u00edes con respecto a este derecho son nulas y no tienen efecto legal ninguno\u201d, afirm\u00f3 la nota.<\/p>\n<p style=\"text-align: justify;\">Concluy\u00f3 que Siria reitera que el Gol\u00e1n ocupado ser\u00e1 inevitablemente recuperado por todos los medios garantizados por el derecho internacional, y llegar\u00e1 el d\u00eda en que la bandera siria flotar\u00e1 sobre todo este territorio despu\u00e9s de liberarlo del yugo del brutal ocupante.<\/p>\n<p style=\"text-align: justify;\"><span style=\"color: #0000ff;\">fm\/ed<\/span><\/p>\n<p style=\"text-align: justify;\">\n","protected":false},"excerpt":{"rendered":"<p>\u00a0Damasco, SANA Siria conden\u00f3 hoy las recientes declaraciones estadounidenses e israel\u00edes sobre el Gol\u00e1n sirio ocupado y afirm\u00f3 que la pol\u00edtica estadounidense favorece la pol\u00edtica agresiva, expansionista y hegem\u00f3nica de \u201cIsrael\u201d en la regi\u00f3n. \u201cLa Rep\u00fablica \u00c1rabe Siria condena en los t\u00e9rminos m\u00e1s en\u00e9rgicos las recientes declaraciones estadounidenses e israel\u00edes sobre el Gol\u00e1n sirio ocupado, &hellip;<\/p>\n","protected":false},"author":32,"featured_media":186743,"comment_status":"closed","ping_status":"closed","sticky":false,"template":"","format":"standard","meta":{"footnotes":""},"categories":[477,447,597,476,583],"tags":[],"class_list":["post-186719","post","type-post","status-publish","format-standard","has-post-thumbnail","","category-noticias-edulcorantes","category-local-politica","category-cinta-de-noticias","category-locales","category-slide"],"_links":{"self":[{"href":"https:\/\/archive.sana.sy\/es\/index.php?rest_route=\/wp\/v2\/posts\/186719"}],"collection":[{"href":"https:\/\/archive.sana.sy\/es\/index.php?rest_route=\/wp\/v2\/posts"}],"about":[{"href":"https:\/\/archive.sana.sy\/es\/index.php?rest_route=\/wp\/v2\/types\/post"}],"author":[{"embeddable":true,"href":"https:\/\/archive.sana.sy\/es\/index.php?rest_route=\/wp\/v2\/users\/32"}],"replies":[{"embeddable":true,"href":"https:\/\/archive.sana.sy\/es\/index.php?rest_route=%2Fwp%2Fv2%2Fcomments&post=186719"}],"version-history":[{"count":0,"href":"https:\/\/archive.sana.sy\/es\/index.php?rest_route=\/wp\/v2\/posts\/186719\/revisions"}],"wp:featuredmedia":[{"embeddable":true,"href":"https:\/\/archive.sana.sy\/es\/index.php?rest_route=\/wp\/v2\/media\/186743"}],"wp:attachment":[{"href":"https:\/\/archive.sana.sy\/es\/index.php?rest_route=%2Fwp%2Fv2%2Fmedia&parent=186719"}],"wp:term":[{"taxonomy":"category","embeddable":true,"href":"https:\/\/archive.sana.sy\/es\/index.php?rest_route=%2Fwp%2Fv2%2Fcategories&post=186719"},{"taxonomy":"post_tag","embeddable":true,"href":"https:\/\/archive.sana.sy\/es\/index.php?rest_route=%2Fwp%2Fv2%2Ftags&post=186719"}],"curies":[{"name":"wp","href":"https:\/\/api.w.org\/{rel}","templated":true}]}}