{"id":186856,"date":"2021-06-28T11:25:39","date_gmt":"2021-06-28T08:25:39","guid":{"rendered":"http:\/\/107.6.182.27\/es\/?p=186856"},"modified":"2023-01-10T15:14:05","modified_gmt":"2023-01-10T13:14:05","slug":"sweida-produce-mas-de-10-mil-toneladas-de-sandia","status":"publish","type":"post","link":"https:\/\/archive.sana.sy\/es\/?p=186856","title":{"rendered":"Sweida produce m\u00e1s de 10 mil toneladas de sand\u00eda"},"content":{"rendered":"<p><span style=\"color: #800000;\">Sweida, SANA<\/span><\/p>\n<p style=\"text-align: justify;\">Las \u00e1reas cultivadas de sand\u00eda en la provincia de Sweida superaron las 243 hect\u00e1reas que producir\u00edan m\u00e1s de 10 mil toneladas, revel\u00f3 la Direcci\u00f3n de Agricultura.<\/p>\n<p style=\"text-align: justify;\">El subdirector de Agricultura en Sweida, Alaa Shahib, comunic\u00f3 a SANA que el cultivo de sand\u00eda ocupa el segundo lugar para los cultivos de verano en Sweida, y se concentra en la regi\u00f3n occidental de esa gobernaci\u00f3n sure\u00f1a, donde la mayor parte de este cultivo se riega mediante agua de pozos.<\/p>\n<p style=\"text-align: justify;\">\u201cLa producci\u00f3n de sand\u00eda para la temporada actual es mejor que la anterior, ya que la Direcci\u00f3n estimula este cultivo para satisfacer las necesidades del mercado local\u201d, detall\u00f3.<\/p>\n<p style=\"text-align: justify;\">El a\u00f1o pasado, Sweida produjo 6.986 toneladas de sand\u00eda.<\/p>\n<p style=\"text-align: justify;\"><span style=\"color: #0000ff;\">rr\/fm<\/span><\/p>\n<div id='gallery-1' class='gallery galleryid-186856 gallery-columns-1 gallery-size-full'><figure class='gallery-item'>\n\t\t\t<div class='gallery-icon landscape'>\n\t\t\t\t<a href='https:\/\/archive.sana.sy\/es\/wp-content\/uploads\/2021\/06\/M2M_0018-scaled.jpg'><img loading=\"lazy\" decoding=\"async\" width=\"2560\" height=\"1704\" src=\"https:\/\/archive.sana.sy\/es\/wp-content\/uploads\/2021\/06\/M2M_0018-scaled.jpg\" class=\"attachment-full size-full\" alt=\"\" srcset=\"https:\/\/archive.sana.sy\/es\/wp-content\/uploads\/2021\/06\/M2M_0018-scaled.jpg 2560w, https:\/\/archive.sana.sy\/es\/wp-content\/uploads\/2021\/06\/M2M_0018-300x200.jpg 300w, https:\/\/archive.sana.sy\/es\/wp-content\/uploads\/2021\/06\/M2M_0018-1024x682.jpg 1024w, https:\/\/archive.sana.sy\/es\/wp-content\/uploads\/2021\/06\/M2M_0018-150x100.jpg 150w, https:\/\/archive.sana.sy\/es\/wp-content\/uploads\/2021\/06\/M2M_0018-768x511.jpg 768w, https:\/\/archive.sana.sy\/es\/wp-content\/uploads\/2021\/06\/M2M_0018-1536x1023.jpg 1536w, https:\/\/archive.sana.sy\/es\/wp-content\/uploads\/2021\/06\/M2M_0018-2048x1364.jpg 2048w, https:\/\/archive.sana.sy\/es\/wp-content\/uploads\/2021\/06\/M2M_0018-310x205.jpg 310w\" sizes=\"(max-width: 2560px) 100vw, 2560px\" \/><\/a>\n\t\t\t<\/div><\/figure><figure class='gallery-item'>\n\t\t\t<div class='gallery-icon landscape'>\n\t\t\t\t<a href='https:\/\/archive.sana.sy\/es\/wp-content\/uploads\/2021\/06\/M2M_0006-1.jpg'><img loading=\"lazy\" decoding=\"async\" width=\"660\" height=\"401\" src=\"https:\/\/archive.sana.sy\/es\/wp-content\/uploads\/2021\/06\/M2M_0006-1.jpg\" class=\"attachment-full size-full\" alt=\"\" srcset=\"https:\/\/archive.sana.sy\/es\/wp-content\/uploads\/2021\/06\/M2M_0006-1.jpg 660w, https:\/\/archive.sana.sy\/es\/wp-content\/uploads\/2021\/06\/M2M_0006-1-300x182.jpg 300w, https:\/\/archive.sana.sy\/es\/wp-content\/uploads\/2021\/06\/M2M_0006-1-150x91.jpg 150w\" sizes=\"(max-width: 660px) 100vw, 660px\" \/><\/a>\n\t\t\t<\/div><\/figure><figure class='gallery-item'>\n\t\t\t<div class='gallery-icon landscape'>\n\t\t\t\t<a href='https:\/\/archive.sana.sy\/es\/wp-content\/uploads\/2021\/06\/M2M_0008-1.jpg'><img loading=\"lazy\" decoding=\"async\" width=\"660\" height=\"439\" src=\"https:\/\/archive.sana.sy\/es\/wp-content\/uploads\/2021\/06\/M2M_0008-1.jpg\" class=\"attachment-full size-full\" alt=\"\" srcset=\"https:\/\/archive.sana.sy\/es\/wp-content\/uploads\/2021\/06\/M2M_0008-1.jpg 660w, https:\/\/archive.sana.sy\/es\/wp-content\/uploads\/2021\/06\/M2M_0008-1-300x200.jpg 300w, https:\/\/archive.sana.sy\/es\/wp-content\/uploads\/2021\/06\/M2M_0008-1-150x100.jpg 150w, https:\/\/archive.sana.sy\/es\/wp-content\/uploads\/2021\/06\/M2M_0008-1-310x205.jpg 310w\" sizes=\"(max-width: 660px) 100vw, 660px\" \/><\/a>\n\t\t\t<\/div><\/figure><figure class='gallery-item'>\n\t\t\t<div class='gallery-icon landscape'>\n\t\t\t\t<a href='https:\/\/archive.sana.sy\/es\/wp-content\/uploads\/2021\/06\/M2M_0009.jpg'><img loading=\"lazy\" decoding=\"async\" width=\"660\" height=\"439\" src=\"https:\/\/archive.sana.sy\/es\/wp-content\/uploads\/2021\/06\/M2M_0009.jpg\" class=\"attachment-full size-full\" alt=\"\" srcset=\"https:\/\/archive.sana.sy\/es\/wp-content\/uploads\/2021\/06\/M2M_0009.jpg 660w, https:\/\/archive.sana.sy\/es\/wp-content\/uploads\/2021\/06\/M2M_0009-300x200.jpg 300w, https:\/\/archive.sana.sy\/es\/wp-content\/uploads\/2021\/06\/M2M_0009-150x100.jpg 150w, https:\/\/archive.sana.sy\/es\/wp-content\/uploads\/2021\/06\/M2M_0009-310x205.jpg 310w\" sizes=\"(max-width: 660px) 100vw, 660px\" \/><\/a>\n\t\t\t<\/div><\/figure>\n\t\t<\/div>\n\n","protected":false},"excerpt":{"rendered":"<p>Sweida, SANA Las \u00e1reas cultivadas de sand\u00eda en la provincia de Sweida superaron las 243 hect\u00e1reas que producir\u00edan m\u00e1s de 10 mil toneladas, revel\u00f3 la Direcci\u00f3n de Agricultura. El subdirector de Agricultura en Sweida, Alaa Shahib, comunic\u00f3 a SANA que el cultivo de sand\u00eda ocupa el segundo lugar para los cultivos de verano en Sweida, &hellip;<\/p>\n","protected":false},"author":31,"featured_media":186858,"comment_status":"closed","ping_status":"closed","sticky":false,"template":"","format":"standard","meta":{"footnotes":""},"categories":[597,485,7541],"tags":[],"class_list":["post-186856","post","type-post","status-publish","format-standard","has-post-thumbnail","","category-cinta-de-noticias","category-informes-negocios-y-finanzas","category-ultimas-noticias"],"_links":{"self":[{"href":"https:\/\/archive.sana.sy\/es\/index.php?rest_route=\/wp\/v2\/posts\/186856"}],"collection":[{"href":"https:\/\/archive.sana.sy\/es\/index.php?rest_route=\/wp\/v2\/posts"}],"about":[{"href":"https:\/\/archive.sana.sy\/es\/index.php?rest_route=\/wp\/v2\/types\/post"}],"author":[{"embeddable":true,"href":"https:\/\/archive.sana.sy\/es\/index.php?rest_route=\/wp\/v2\/users\/31"}],"replies":[{"embeddable":true,"href":"https:\/\/archive.sana.sy\/es\/index.php?rest_route=%2Fwp%2Fv2%2Fcomments&post=186856"}],"version-history":[{"count":0,"href":"https:\/\/archive.sana.sy\/es\/index.php?rest_route=\/wp\/v2\/posts\/186856\/revisions"}],"wp:featuredmedia":[{"embeddable":true,"href":"https:\/\/archive.sana.sy\/es\/index.php?rest_route=\/wp\/v2\/media\/186858"}],"wp:attachment":[{"href":"https:\/\/archive.sana.sy\/es\/index.php?rest_route=%2Fwp%2Fv2%2Fmedia&parent=186856"}],"wp:term":[{"taxonomy":"category","embeddable":true,"href":"https:\/\/archive.sana.sy\/es\/index.php?rest_route=%2Fwp%2Fv2%2Fcategories&post=186856"},{"taxonomy":"post_tag","embeddable":true,"href":"https:\/\/archive.sana.sy\/es\/index.php?rest_route=%2Fwp%2Fv2%2Ftags&post=186856"}],"curies":[{"name":"wp","href":"https:\/\/api.w.org\/{rel}","templated":true}]}}