{"id":186907,"date":"2021-06-29T09:17:05","date_gmt":"2021-06-29T06:17:05","guid":{"rendered":"http:\/\/107.6.182.27\/es\/?p=186907"},"modified":"2023-01-10T15:33:28","modified_gmt":"2023-01-10T13:33:28","slug":"titulares-de-la-agencia-sana-29-de-junio","status":"publish","type":"post","link":"https:\/\/archive.sana.sy\/es\/?p=186907","title":{"rendered":"Titulares de la agencia SANA, 29 de junio"},"content":{"rendered":"<p style=\"text-align: justify;\"><strong><span style=\"color: #800000;\">Damasco, SANA<\/span><\/strong><\/p>\n<p style=\"text-align: justify;\">????????Presidente al-Assad destaca rol del Sindicato de Abogados \u00c1rabes en la promoci\u00f3n de la idea del nacionalismo \u00e1rabe<\/p>\n<p style=\"text-align: justify;\">????????Siria condena agresi\u00f3n estadounidense en la regi\u00f3n fronteriza sirio-iraqu\u00ed.<\/p>\n<p style=\"text-align: justify;\">????????Pese al bloqueo de Estados Unidos, Cuba produce la primera vacuna anti-Covid-19 en Am\u00e9rica Latina.<\/p>\n<p style=\"text-align: justify;\">????????Conversaciones ruso-irlandesas sobre la situaci\u00f3n en Siria.<\/p>\n<p style=\"text-align: justify;\">????????Hasakeh est\u00e1 sin agua por tercer d\u00eda consecutivo debido a pr\u00e1cticas del r\u00e9gimen turco y sus mercenarios.<\/p>\n<p style=\"text-align: justify;\">????????Ejecutan vitales proyectos de servicio en Damasco-campo.<\/p>\n<p style=\"text-align: justify;\">????????Siria gana tres medallas de bronce en EuPhO<\/p>\n<p style=\"text-align: justify;\">????????EEUU introduce 60 veh\u00edculos con equipos log\u00edsticos a sus bases ilegales en Remelan, Hasakeh.<\/p>\n<p style=\"text-align: justify;\">????????Cuatro integrantes de la Fuerza Popular iraqu\u00ed mueren por una agresi\u00f3n estadounidense.<\/p>\n<p style=\"text-align: justify;\">????????Syrian Airlines anuncia cuatro vuelos regulares por semana a Dub\u00e1i a partir del pr\u00f3ximo s\u00e1bado.<\/p>\n<p style=\"text-align: justify;\">????????Muere un civil por estallido de mina terrorista en Ghouta Oriental, cerca de Damasco.<\/p>\n<p style=\"text-align: justify;\">????????Teher\u00e1n: agresi\u00f3n de Estados Unidos contra sitios en Siria e Iraq agrava tensi\u00f3n en la regi\u00f3n.<\/p>\n<p style=\"text-align: justify;\">????????Ocupante turco y sus mercenarios secuestran cuatro civiles en Afrin\/Alepo.<\/p>\n<p style=\"text-align: justify;\">????????Puesta en funcionamiento instalaci\u00f3n generadora de electricidad en Hasakeh.<\/p>\n<p style=\"text-align: justify;\">????????Apertura de nuevo Centro de Atenci\u00f3n al Ciudadano en Damasco.<\/p>\n<p style=\"text-align: justify;\">????????Terroristas bombardean con 12 proyectiles la localidad de Jurin, provincia de Hama.<\/p>\n<p style=\"text-align: justify;\">????????\u201cIsrael\u201d pretende demoler el barrio al-Bustan desalojando a 1500 palestinos.<\/p>\n","protected":false},"excerpt":{"rendered":"<p>Damasco, SANA ????????Presidente al-Assad destaca rol del Sindicato de Abogados \u00c1rabes en la promoci\u00f3n de la idea del nacionalismo \u00e1rabe ????????Siria condena agresi\u00f3n estadounidense en la regi\u00f3n fronteriza sirio-iraqu\u00ed. ????????Pese al bloqueo de Estados Unidos, Cuba produce la primera vacuna anti-Covid-19 en Am\u00e9rica Latina. ????????Conversaciones ruso-irlandesas sobre la situaci\u00f3n en Siria. ????????Hasakeh est\u00e1 sin agua &hellip;<\/p>\n","protected":false},"author":32,"featured_media":185511,"comment_status":"closed","ping_status":"closed","sticky":false,"template":"","format":"standard","meta":{"footnotes":""},"categories":[447,555,597],"tags":[],"class_list":["post-186907","post","type-post","status-publish","format-standard","has-post-thumbnail","","category-local-politica","category-prensa","category-cinta-de-noticias"],"_links":{"self":[{"href":"https:\/\/archive.sana.sy\/es\/index.php?rest_route=\/wp\/v2\/posts\/186907"}],"collection":[{"href":"https:\/\/archive.sana.sy\/es\/index.php?rest_route=\/wp\/v2\/posts"}],"about":[{"href":"https:\/\/archive.sana.sy\/es\/index.php?rest_route=\/wp\/v2\/types\/post"}],"author":[{"embeddable":true,"href":"https:\/\/archive.sana.sy\/es\/index.php?rest_route=\/wp\/v2\/users\/32"}],"replies":[{"embeddable":true,"href":"https:\/\/archive.sana.sy\/es\/index.php?rest_route=%2Fwp%2Fv2%2Fcomments&post=186907"}],"version-history":[{"count":0,"href":"https:\/\/archive.sana.sy\/es\/index.php?rest_route=\/wp\/v2\/posts\/186907\/revisions"}],"wp:featuredmedia":[{"embeddable":true,"href":"https:\/\/archive.sana.sy\/es\/index.php?rest_route=\/wp\/v2\/media\/185511"}],"wp:attachment":[{"href":"https:\/\/archive.sana.sy\/es\/index.php?rest_route=%2Fwp%2Fv2%2Fmedia&parent=186907"}],"wp:term":[{"taxonomy":"category","embeddable":true,"href":"https:\/\/archive.sana.sy\/es\/index.php?rest_route=%2Fwp%2Fv2%2Fcategories&post=186907"},{"taxonomy":"post_tag","embeddable":true,"href":"https:\/\/archive.sana.sy\/es\/index.php?rest_route=%2Fwp%2Fv2%2Ftags&post=186907"}],"curies":[{"name":"wp","href":"https:\/\/api.w.org\/{rel}","templated":true}]}}