{"id":186922,"date":"2021-06-29T11:19:25","date_gmt":"2021-06-29T08:19:25","guid":{"rendered":"http:\/\/107.6.182.27\/es\/?p=186922"},"modified":"2021-06-29T11:19:25","modified_gmt":"2021-06-29T08:19:25","slug":"lavrov-destaca-necesidad-de-fortalecer-esfuerzos-internacionales-para-el-retorno-de-refugiados-sirios","status":"publish","type":"post","link":"https:\/\/archive.sana.sy\/es\/?p=186922","title":{"rendered":"Lavrov destaca necesidad de fortalecer esfuerzos internacionales para el retorno de refugiados sirios"},"content":{"rendered":"<p style=\"text-align: justify;\"><strong><span style=\"color: #800000;\">Mosc\u00fa, SANA<\/span><\/strong><\/p>\n<p style=\"text-align: justify;\">El ministro de Exteriores de Rusia, Sergei Lavrov, y el Alto Comisionado de las Naciones Unidas para los Refugiados, Filippo Grandi, abordaron la cuesti\u00f3n del retorno de los refugiados a Siria.<\/p>\n<p style=\"text-align: justify;\">La agencia de noticias TASS cit\u00f3 un comunicado de la Canciller\u00eda rusa diciendo que Lavrov llam\u00f3 la atenci\u00f3n de Grandi sobre la necesidad de revitalizar los esfuerzos de la comunidad internacional para garantizar el regreso de los refugiados sirios a su tierra natal, lo cual contribuir\u00eda a los esfuerzos de recuperaci\u00f3n y reconstrucci\u00f3n del pa\u00eds.<\/p>\n<p style=\"text-align: justify;\">Lavrov y Grandi intercambiaron puntos de vista sobre el problema de los refugiados, los desplazados internos y los ap\u00e1tridas en el mundo, y tambi\u00e9n discutieron varios aspectos de la cooperaci\u00f3n entre Rusia y la Oficina del Alto Comisionado de las Naciones Unidas para los Refugiados.<\/p>\n<p style=\"text-align: justify;\">Grandi, a su vez, apreci\u00f3 el papel activo de Rusia en los esfuerzos para resolver los problemas globales de la migraci\u00f3n forzada y las medidas tomadas en Rusia para regular los aspectos legales de los refugiados y solicitantes de asilo.<\/p>\n<p style=\"text-align: justify;\"><strong><span style=\"color: #0000ff;\">fm\/ed<\/span><\/strong><\/p>\n","protected":false},"excerpt":{"rendered":"<p>Mosc\u00fa, SANA El ministro de Exteriores de Rusia, Sergei Lavrov, y el Alto Comisionado de las Naciones Unidas para los Refugiados, Filippo Grandi, abordaron la cuesti\u00f3n del retorno de los refugiados a Siria. La agencia de noticias TASS cit\u00f3 un comunicado de la Canciller\u00eda rusa diciendo que Lavrov llam\u00f3 la atenci\u00f3n de Grandi sobre la &hellip;<\/p>\n","protected":false},"author":32,"featured_media":186923,"comment_status":"closed","ping_status":"closed","sticky":false,"template":"","format":"standard","meta":{"footnotes":""},"categories":[597,467,7541],"tags":[],"class_list":["post-186922","post","type-post","status-publish","format-standard","has-post-thumbnail","","category-cinta-de-noticias","category-siria-y-el-mundo","category-ultimas-noticias"],"_links":{"self":[{"href":"https:\/\/archive.sana.sy\/es\/index.php?rest_route=\/wp\/v2\/posts\/186922"}],"collection":[{"href":"https:\/\/archive.sana.sy\/es\/index.php?rest_route=\/wp\/v2\/posts"}],"about":[{"href":"https:\/\/archive.sana.sy\/es\/index.php?rest_route=\/wp\/v2\/types\/post"}],"author":[{"embeddable":true,"href":"https:\/\/archive.sana.sy\/es\/index.php?rest_route=\/wp\/v2\/users\/32"}],"replies":[{"embeddable":true,"href":"https:\/\/archive.sana.sy\/es\/index.php?rest_route=%2Fwp%2Fv2%2Fcomments&post=186922"}],"version-history":[{"count":0,"href":"https:\/\/archive.sana.sy\/es\/index.php?rest_route=\/wp\/v2\/posts\/186922\/revisions"}],"wp:featuredmedia":[{"embeddable":true,"href":"https:\/\/archive.sana.sy\/es\/index.php?rest_route=\/wp\/v2\/media\/186923"}],"wp:attachment":[{"href":"https:\/\/archive.sana.sy\/es\/index.php?rest_route=%2Fwp%2Fv2%2Fmedia&parent=186922"}],"wp:term":[{"taxonomy":"category","embeddable":true,"href":"https:\/\/archive.sana.sy\/es\/index.php?rest_route=%2Fwp%2Fv2%2Fcategories&post=186922"},{"taxonomy":"post_tag","embeddable":true,"href":"https:\/\/archive.sana.sy\/es\/index.php?rest_route=%2Fwp%2Fv2%2Ftags&post=186922"}],"curies":[{"name":"wp","href":"https:\/\/api.w.org\/{rel}","templated":true}]}}