{"id":186925,"date":"2021-06-29T11:17:53","date_gmt":"2021-06-29T08:17:53","guid":{"rendered":"http:\/\/107.6.182.27\/es\/?p=186925"},"modified":"2023-01-10T14:27:51","modified_gmt":"2023-01-10T12:27:51","slug":"asesinadas-dos-chicas-a-tiros-en-el-campamento-al-hol-controlado-por-la-milicia-separatista-fds","status":"publish","type":"post","link":"https:\/\/archive.sana.sy\/es\/?p=186925","title":{"rendered":"Asesinadas tres mujeres a tiros en el campamento al-Hol controlado por la milicia separatista FDS"},"content":{"rendered":"<p style=\"text-align: justify\"><strong><span style=\"color: #800000\">Hasakeh, SANA<\/span><\/strong><\/p>\n<p style=\"text-align: justify\">Tres mujeres murieron a tiros en el campamento de refugiados al-Hol en el este de la provincia de Hasakeh, controlado por la milicia proestadounidense \u201cFuerzas Democr\u00e1ticas Sirias\u201d (FDS).<\/p>\n<p style=\"text-align: justify\">Activistas locales informaron a SANA que dos hermanas fueron asesinadas con una pistola equipada con silenciador en el campamento. &#8220;Otra mujer de nacionalidad iraqu\u00ed fue neutralizada de la misma manera en otro sitio del mismo campamento&#8221;, agregaron.<\/p>\n<p style=\"text-align: justify\">Semejantes incidentes ocurren con frecuencia en el campamento donde reina la inseguridad y el caos.<\/p>\n<p style=\"text-align: justify\">Las fuerzas de ocupaci\u00f3n estadounidenses y su milicia (FDS) retienen en este campamento a miles de familias en condiciones tr\u00e1gicas debido a falta de servicios y escasez de alimentos, agua potable y atenci\u00f3n m\u00e9dica.<\/p>\n<p style=\"text-align: justify\">ed\/fm\/la<\/p>\n","protected":false},"excerpt":{"rendered":"<p>Hasakeh, SANA Tres mujeres murieron a tiros en el campamento de refugiados al-Hol en el este de la provincia de Hasakeh, controlado por la milicia proestadounidense \u201cFuerzas Democr\u00e1ticas Sirias\u201d (FDS). Activistas locales informaron a SANA que dos hermanas fueron asesinadas con una pistola equipada con silenciador en el campamento. &#8220;Otra mujer de nacionalidad iraqu\u00ed fue &hellip;<\/p>\n","protected":false},"author":32,"featured_media":186926,"comment_status":"closed","ping_status":"closed","sticky":false,"template":"","format":"standard","meta":{"footnotes":""},"categories":[477,447,597,476,7541],"tags":[],"class_list":["post-186925","post","type-post","status-publish","format-standard","has-post-thumbnail","","category-noticias-edulcorantes","category-local-politica","category-cinta-de-noticias","category-locales","category-ultimas-noticias"],"_links":{"self":[{"href":"https:\/\/archive.sana.sy\/es\/index.php?rest_route=\/wp\/v2\/posts\/186925"}],"collection":[{"href":"https:\/\/archive.sana.sy\/es\/index.php?rest_route=\/wp\/v2\/posts"}],"about":[{"href":"https:\/\/archive.sana.sy\/es\/index.php?rest_route=\/wp\/v2\/types\/post"}],"author":[{"embeddable":true,"href":"https:\/\/archive.sana.sy\/es\/index.php?rest_route=\/wp\/v2\/users\/32"}],"replies":[{"embeddable":true,"href":"https:\/\/archive.sana.sy\/es\/index.php?rest_route=%2Fwp%2Fv2%2Fcomments&post=186925"}],"version-history":[{"count":0,"href":"https:\/\/archive.sana.sy\/es\/index.php?rest_route=\/wp\/v2\/posts\/186925\/revisions"}],"wp:featuredmedia":[{"embeddable":true,"href":"https:\/\/archive.sana.sy\/es\/index.php?rest_route=\/wp\/v2\/media\/186926"}],"wp:attachment":[{"href":"https:\/\/archive.sana.sy\/es\/index.php?rest_route=%2Fwp%2Fv2%2Fmedia&parent=186925"}],"wp:term":[{"taxonomy":"category","embeddable":true,"href":"https:\/\/archive.sana.sy\/es\/index.php?rest_route=%2Fwp%2Fv2%2Fcategories&post=186925"},{"taxonomy":"post_tag","embeddable":true,"href":"https:\/\/archive.sana.sy\/es\/index.php?rest_route=%2Fwp%2Fv2%2Ftags&post=186925"}],"curies":[{"name":"wp","href":"https:\/\/api.w.org\/{rel}","templated":true}]}}