{"id":186928,"date":"2021-06-29T11:53:02","date_gmt":"2021-06-29T08:53:02","guid":{"rendered":"http:\/\/107.6.182.27\/es\/?p=186928"},"modified":"2021-06-29T11:53:02","modified_gmt":"2021-06-29T08:53:02","slug":"arranca-en-teheran-decima-reunion-de-la-union-islamica-de-radio-y-television","status":"publish","type":"post","link":"https:\/\/archive.sana.sy\/es\/?p=186928","title":{"rendered":"Arranca en Teher\u00e1n d\u00e9cima reuni\u00f3n de la Uni\u00f3n Isl\u00e1mica de Radio y Televisi\u00f3n"},"content":{"rendered":"<p style=\"text-align: justify;\"><strong><span style=\"color: #800000;\">Teher\u00e1n, SANA<\/span><\/strong><\/p>\n<p style=\"text-align: justify;\">La d\u00e9cima reuni\u00f3n de la Asamblea General de la Uni\u00f3n Isl\u00e1mica de Radios y Televisiones comenz\u00f3 hoy en la capital iran\u00ed, Teher\u00e1n, bajo el lema &#8220;Justicia medi\u00e1tica y libertad de expresi\u00f3n&#8221;.<\/p>\n<p style=\"text-align: justify;\">El ministro de Informaci\u00f3n de Siria, Imad Sarah, participa en esta reuni\u00f3n a trav\u00e9s de tecnolog\u00eda de videoconferencia junto a representantes de los Estados miembros, expertos pol\u00edticos y funcionarios culturales.<\/p>\n<p style=\"text-align: justify;\">Los miembros afiliados a la federaci\u00f3n ascienden a 228 de 33 pa\u00edses y hablan m\u00e1s de 22 idiomas en 130 canales de televisi\u00f3n satelitales, 53 emisoras, 32 instituciones de producci\u00f3n y medios de comunicaci\u00f3n, 4 instituciones espaciales figurativas y 9 agencias de noticias.<\/p>\n<p style=\"text-align: justify;\">La actual reuni\u00f3n se celebra tras la decisi\u00f3n del Departamento de Tesoro de Estados Unidos de evitar tratos financieros con la Uni\u00f3n y una decisi\u00f3n injusta de cerrar algunos sitios web pertenecientes a varios canales de la Uni\u00f3n en varios pa\u00edses \u00e1rabes e isl\u00e1micos bajo pretextos falsos <strong><span style=\"color: #0000ff;\">e incorrectos.<\/span><\/strong><\/p>\n<p style=\"text-align: justify;\"><strong><span style=\"color: #0000ff;\">fm\/ed<\/span><\/strong><\/p>\n","protected":false},"excerpt":{"rendered":"<p>Teher\u00e1n, SANA La d\u00e9cima reuni\u00f3n de la Asamblea General de la Uni\u00f3n Isl\u00e1mica de Radios y Televisiones comenz\u00f3 hoy en la capital iran\u00ed, Teher\u00e1n, bajo el lema &#8220;Justicia medi\u00e1tica y libertad de expresi\u00f3n&#8221;. El ministro de Informaci\u00f3n de Siria, Imad Sarah, participa en esta reuni\u00f3n a trav\u00e9s de tecnolog\u00eda de videoconferencia junto a representantes de &hellip;<\/p>\n","protected":false},"author":32,"featured_media":186929,"comment_status":"closed","ping_status":"closed","sticky":false,"template":"","format":"standard","meta":{"footnotes":""},"categories":[597,467,7541],"tags":[],"class_list":["post-186928","post","type-post","status-publish","format-standard","has-post-thumbnail","","category-cinta-de-noticias","category-siria-y-el-mundo","category-ultimas-noticias"],"_links":{"self":[{"href":"https:\/\/archive.sana.sy\/es\/index.php?rest_route=\/wp\/v2\/posts\/186928"}],"collection":[{"href":"https:\/\/archive.sana.sy\/es\/index.php?rest_route=\/wp\/v2\/posts"}],"about":[{"href":"https:\/\/archive.sana.sy\/es\/index.php?rest_route=\/wp\/v2\/types\/post"}],"author":[{"embeddable":true,"href":"https:\/\/archive.sana.sy\/es\/index.php?rest_route=\/wp\/v2\/users\/32"}],"replies":[{"embeddable":true,"href":"https:\/\/archive.sana.sy\/es\/index.php?rest_route=%2Fwp%2Fv2%2Fcomments&post=186928"}],"version-history":[{"count":0,"href":"https:\/\/archive.sana.sy\/es\/index.php?rest_route=\/wp\/v2\/posts\/186928\/revisions"}],"wp:featuredmedia":[{"embeddable":true,"href":"https:\/\/archive.sana.sy\/es\/index.php?rest_route=\/wp\/v2\/media\/186929"}],"wp:attachment":[{"href":"https:\/\/archive.sana.sy\/es\/index.php?rest_route=%2Fwp%2Fv2%2Fmedia&parent=186928"}],"wp:term":[{"taxonomy":"category","embeddable":true,"href":"https:\/\/archive.sana.sy\/es\/index.php?rest_route=%2Fwp%2Fv2%2Fcategories&post=186928"},{"taxonomy":"post_tag","embeddable":true,"href":"https:\/\/archive.sana.sy\/es\/index.php?rest_route=%2Fwp%2Fv2%2Ftags&post=186928"}],"curies":[{"name":"wp","href":"https:\/\/api.w.org\/{rel}","templated":true}]}}