{"id":186940,"date":"2021-06-29T13:08:25","date_gmt":"2021-06-29T10:08:25","guid":{"rendered":"http:\/\/107.6.182.27\/es\/?p=186940"},"modified":"2023-01-10T14:27:51","modified_gmt":"2023-01-10T12:27:51","slug":"ocupante-turco-bombardea-poblados-en-raqa","status":"publish","type":"post","link":"https:\/\/archive.sana.sy\/es\/?p=186940","title":{"rendered":"Ocupante turco bombardea poblados en Raqa"},"content":{"rendered":"<p style=\"text-align: justify;\"><span style=\"color: #800000;\"><strong>\u00a0Raqa, SANA<\/strong><\/span><\/p>\n<p style=\"text-align: justify;\">Las fuerzas de ocupaci\u00f3n turcas y sus mercenarios terroristas bombardearon con artiller\u00eda las casas de los civiles en las cercan\u00edas de la ciudad de Tal Abyad en el norte de Raqa.<\/p>\n<p style=\"text-align: justify;\">Fuentes locales declararon al reportero de SANA que varios proyectiles de artiller\u00eda y misiles lanzados por las fuerzas de ocupaci\u00f3n turcas y sus mercenarios terroristas impactaron en las aldeas de Tal Abyad , Zenobia y Arida.<\/p>\n<p style=\"text-align: justify;\">Agreg\u00f3 que el bombardeo caus\u00f3 da\u00f1os materiales en las propiedades.<\/p>\n<p style=\"text-align: justify;\">\u00a0El 21 de este mes, las fuerzas de ocupaci\u00f3n turcas atacaron con artiller\u00eda las casas en la aldea de Kor Hassan en el norte de Raqqa, la aldea de Al-Mablujah y los silos de Qazali al noroeste de Ain Issa.<\/p>\n<p style=\"text-align: justify;\"><strong><span style=\"color: #0000ff;\">ed\/fm<\/span><\/strong><\/p>\n","protected":false},"excerpt":{"rendered":"<p>\u00a0Raqa, SANA Las fuerzas de ocupaci\u00f3n turcas y sus mercenarios terroristas bombardearon con artiller\u00eda las casas de los civiles en las cercan\u00edas de la ciudad de Tal Abyad en el norte de Raqa. Fuentes locales declararon al reportero de SANA que varios proyectiles de artiller\u00eda y misiles lanzados por las fuerzas de ocupaci\u00f3n turcas y &hellip;<\/p>\n","protected":false},"author":32,"featured_media":136901,"comment_status":"closed","ping_status":"closed","sticky":false,"template":"","format":"standard","meta":{"footnotes":""},"categories":[477,447,597,476,7541],"tags":[],"class_list":["post-186940","post","type-post","status-publish","format-standard","has-post-thumbnail","","category-noticias-edulcorantes","category-local-politica","category-cinta-de-noticias","category-locales","category-ultimas-noticias"],"_links":{"self":[{"href":"https:\/\/archive.sana.sy\/es\/index.php?rest_route=\/wp\/v2\/posts\/186940"}],"collection":[{"href":"https:\/\/archive.sana.sy\/es\/index.php?rest_route=\/wp\/v2\/posts"}],"about":[{"href":"https:\/\/archive.sana.sy\/es\/index.php?rest_route=\/wp\/v2\/types\/post"}],"author":[{"embeddable":true,"href":"https:\/\/archive.sana.sy\/es\/index.php?rest_route=\/wp\/v2\/users\/32"}],"replies":[{"embeddable":true,"href":"https:\/\/archive.sana.sy\/es\/index.php?rest_route=%2Fwp%2Fv2%2Fcomments&post=186940"}],"version-history":[{"count":0,"href":"https:\/\/archive.sana.sy\/es\/index.php?rest_route=\/wp\/v2\/posts\/186940\/revisions"}],"wp:featuredmedia":[{"embeddable":true,"href":"https:\/\/archive.sana.sy\/es\/index.php?rest_route=\/wp\/v2\/media\/136901"}],"wp:attachment":[{"href":"https:\/\/archive.sana.sy\/es\/index.php?rest_route=%2Fwp%2Fv2%2Fmedia&parent=186940"}],"wp:term":[{"taxonomy":"category","embeddable":true,"href":"https:\/\/archive.sana.sy\/es\/index.php?rest_route=%2Fwp%2Fv2%2Fcategories&post=186940"},{"taxonomy":"post_tag","embeddable":true,"href":"https:\/\/archive.sana.sy\/es\/index.php?rest_route=%2Fwp%2Fv2%2Ftags&post=186940"}],"curies":[{"name":"wp","href":"https:\/\/api.w.org\/{rel}","templated":true}]}}