{"id":18705,"date":"2015-03-01T15:18:13","date_gmt":"2015-03-01T13:18:13","guid":{"rendered":"http:\/\/www.sana.sy\/es\/?p=18705"},"modified":"2015-03-01T15:18:13","modified_gmt":"2015-03-01T13:18:13","slug":"patriarca-arrai-reitera-su-denuncia-a-las-barbaridades-cometidas-por-el-ei-en-siria-e-irak","status":"publish","type":"post","link":"https:\/\/archive.sana.sy\/es\/?p=18705","title":{"rendered":"Patriarca Arra\u00ed reitera su denuncia a las barbaridades cometidas por el EI en Siria e Irak"},"content":{"rendered":"<p>Beirut, SANA<\/p>\n<p>El patriarca maronita, cardenal Mar Bshara Bourtros Arra\u00ed reiter\u00f3 su denuncia al terrorismo y las atrocidades cometidas contra los inocentes en Siria e Irak, especialmente los horrorosos cr\u00edmenes perpetrados recientemente contra los residentes de Hassakeh.<\/p>\n<p>Asimismo expres\u00f3 su solidaridad con todos los desplazados y secuestrados a manos de los terroristas del Estado Isl\u00e1mico.<\/p>\n<p>En una misa oficiada este domingo en la iglesia de Assayida en la sede del patriarcado en Bkerki, el patriarca Arra\u00ed exigi\u00f3 al Consejo de Seguridad Internacional y la comunidad internacional que trabajen para devolver a los secuestrados y desplazados de Siria e Irak a sus hogares y pueblos, as\u00ed como proteger a los civiles.<\/p>\n<p>Arra\u00ed conden\u00f3 tambi\u00e9n la barbaridad de los terroristas del EI que destruyeron el patrimonio cultural de los asirios en el museo de Mosul en Irak.<\/p>\n<p>Lynn A., Riyad Sh.<\/p>\n","protected":false},"excerpt":{"rendered":"<p>Beirut, SANA El patriarca maronita, cardenal Mar Bshara Bourtros Arra\u00ed reiter\u00f3 su denuncia al terrorismo y las atrocidades cometidas contra los inocentes en Siria e Irak, especialmente los horrorosos cr\u00edmenes perpetrados recientemente contra los residentes de Hassakeh. Asimismo expres\u00f3 su solidaridad con todos los desplazados y secuestrados a manos de los terroristas del Estado Isl\u00e1mico. &hellip;<\/p>\n","protected":false},"author":24,"featured_media":11932,"comment_status":"closed","ping_status":"closed","sticky":false,"template":"","format":"standard","meta":{"footnotes":""},"categories":[456,457],"tags":[4244],"class_list":["post-18705","post","type-post","status-publish","format-standard","has-post-thumbnail","","category-arabe-internacional-politica","category-noticias-arabe-internacional-politica","tag-patriarca-arrai-reitera-su-denuncia-a-las-barbaridades-cometidas-por-el-ei-en-siria-e-irak"],"_links":{"self":[{"href":"https:\/\/archive.sana.sy\/es\/index.php?rest_route=\/wp\/v2\/posts\/18705"}],"collection":[{"href":"https:\/\/archive.sana.sy\/es\/index.php?rest_route=\/wp\/v2\/posts"}],"about":[{"href":"https:\/\/archive.sana.sy\/es\/index.php?rest_route=\/wp\/v2\/types\/post"}],"author":[{"embeddable":true,"href":"https:\/\/archive.sana.sy\/es\/index.php?rest_route=\/wp\/v2\/users\/24"}],"replies":[{"embeddable":true,"href":"https:\/\/archive.sana.sy\/es\/index.php?rest_route=%2Fwp%2Fv2%2Fcomments&post=18705"}],"version-history":[{"count":0,"href":"https:\/\/archive.sana.sy\/es\/index.php?rest_route=\/wp\/v2\/posts\/18705\/revisions"}],"wp:featuredmedia":[{"embeddable":true,"href":"https:\/\/archive.sana.sy\/es\/index.php?rest_route=\/wp\/v2\/media\/11932"}],"wp:attachment":[{"href":"https:\/\/archive.sana.sy\/es\/index.php?rest_route=%2Fwp%2Fv2%2Fmedia&parent=18705"}],"wp:term":[{"taxonomy":"category","embeddable":true,"href":"https:\/\/archive.sana.sy\/es\/index.php?rest_route=%2Fwp%2Fv2%2Fcategories&post=18705"},{"taxonomy":"post_tag","embeddable":true,"href":"https:\/\/archive.sana.sy\/es\/index.php?rest_route=%2Fwp%2Fv2%2Ftags&post=18705"}],"curies":[{"name":"wp","href":"https:\/\/api.w.org\/{rel}","templated":true}]}}