{"id":187069,"date":"2021-06-30T18:45:49","date_gmt":"2021-06-30T15:45:49","guid":{"rendered":"http:\/\/107.6.182.27\/es\/?p=187069"},"modified":"2021-06-30T21:12:08","modified_gmt":"2021-06-30T18:12:08","slug":"patriarca-yazigi-exige-levantamiento-del-injusto-bloqueo-impuesto-a-siria-durante-su-encuentro-con-el-papa-francisco","status":"publish","type":"post","link":"https:\/\/archive.sana.sy\/es\/?p=187069","title":{"rendered":"Patriarcas Yazigi y Afram exigen levantamiento del boqueo impuesto a Siria durante su encuentro con el Papa Francisco"},"content":{"rendered":"<p style=\"text-align: justify\"><span style=\"color: #800000\">Vaticano, SANA<\/span><\/p>\n<p style=\"text-align: justify\">El patriarca Yohanna X Yazigi, Patriarca de Antioqu\u00eda y de todo el Oriente para la comunidad cristiana greco-ortodoxa, reiter\u00f3 la necesidad de levantar el injusto bloqueo econ\u00f3mico aplicado contra el pueblo sirio.<\/p>\n<p style=\"text-align: justify\">Durante su reuni\u00f3n hoy el mi\u00e9rcoles con el Papa Francisco en el Palacio Apost\u00f3lico, el patriarca Yazigi exigi\u00f3 el levantamiento de las medidas coercitivas estadounidenses y europeas impuestas a Siria, que afectan el pan diario de la poblaci\u00f3n civil.<\/p>\n<p style=\"text-align: justify\">Asimismo, hizo un llamamiento a los pa\u00edses, gobiernos y bandos interesados para redoblar esfuerzos a fin de encontrar el paradero de los obispos, Bulos Yazigi, metropolitano de la di\u00f3cesis ortodoxa griega de Alepo, y Yohanna Ibrahim, metropolitano de Alepo para los ortodoxos sir\u00edacos, los cuales fueron secuestrados hace ocho a\u00f1os a manos de los terroristas en la provincia de Alepo.<\/p>\n<p style=\"text-align: justify\">Ambas altas autoridades cristianas abordaron tambi\u00e9n la misa a la que convoc\u00f3 el Papa Francisco ma\u00f1ana por la paz en el L\u00edbano y Oriente Medio.<\/p>\n<p style=\"text-align: justify\">Por su parte, el sumo pont\u00edfice elogi\u00f3 el \u201cpapel clave\u201d de la Iglesia de Antioqu\u00eda en la regi\u00f3n, y reiter\u00f3 la determinaci\u00f3n del Vaticano para hacer todo lo posible por la estabilizaci\u00f3n de los pa\u00edses de Oriente Medio.<\/p>\n<p style=\"text-align: justify\">Asimismo, el patriarca, Mar Ignatios Afram II, Patriarca de Antioqu\u00eda y todo el Oriente para la comunidad cristiana siriaca-ortodoxa, indic\u00f3 durante su reuni\u00f3n con el Papa Francisco al sufrimiento del pueblo sirio a consecuencia de las medidas coercitivas, y dirigi\u00f3 un llamado al Vaticano para que ayudara a Siria en levantar este bloqueo a trav\u00e9s de las relaciones que mantiene con todo el mundo.<\/p>\n<p style=\"text-align: justify\">El Patriarca Afram pidi\u00f3 dar continuaci\u00f3n a los empe\u00f1os destinados a desvelar el destino de los dos obispos sirios quienes fueron secuestrados por los terroristas en el 22 de abril de 2013 mientras llevaban a cabo una misi\u00f3n humanitaria en la localidad de Kafar Dael en Alepo.<\/p>\n<p style=\"text-align: justify\"><span style=\"color: #0000ff\"><em><strong>la<\/strong><\/em><\/span><\/p>\n","protected":false},"excerpt":{"rendered":"<p>Vaticano, SANA El patriarca Yohanna X Yazigi, Patriarca de Antioqu\u00eda y de todo el Oriente para la comunidad cristiana greco-ortodoxa, reiter\u00f3 la necesidad de levantar el injusto bloqueo econ\u00f3mico aplicado contra el pueblo sirio. Durante su reuni\u00f3n hoy el mi\u00e9rcoles con el Papa Francisco en el Palacio Apost\u00f3lico, el patriarca Yazigi exigi\u00f3 el levantamiento de &hellip;<\/p>\n","protected":false},"author":24,"featured_media":187070,"comment_status":"closed","ping_status":"closed","sticky":false,"template":"","format":"standard","meta":{"footnotes":""},"categories":[597,467,7541],"tags":[],"class_list":["post-187069","post","type-post","status-publish","format-standard","has-post-thumbnail","","category-cinta-de-noticias","category-siria-y-el-mundo","category-ultimas-noticias"],"_links":{"self":[{"href":"https:\/\/archive.sana.sy\/es\/index.php?rest_route=\/wp\/v2\/posts\/187069"}],"collection":[{"href":"https:\/\/archive.sana.sy\/es\/index.php?rest_route=\/wp\/v2\/posts"}],"about":[{"href":"https:\/\/archive.sana.sy\/es\/index.php?rest_route=\/wp\/v2\/types\/post"}],"author":[{"embeddable":true,"href":"https:\/\/archive.sana.sy\/es\/index.php?rest_route=\/wp\/v2\/users\/24"}],"replies":[{"embeddable":true,"href":"https:\/\/archive.sana.sy\/es\/index.php?rest_route=%2Fwp%2Fv2%2Fcomments&post=187069"}],"version-history":[{"count":0,"href":"https:\/\/archive.sana.sy\/es\/index.php?rest_route=\/wp\/v2\/posts\/187069\/revisions"}],"wp:featuredmedia":[{"embeddable":true,"href":"https:\/\/archive.sana.sy\/es\/index.php?rest_route=\/wp\/v2\/media\/187070"}],"wp:attachment":[{"href":"https:\/\/archive.sana.sy\/es\/index.php?rest_route=%2Fwp%2Fv2%2Fmedia&parent=187069"}],"wp:term":[{"taxonomy":"category","embeddable":true,"href":"https:\/\/archive.sana.sy\/es\/index.php?rest_route=%2Fwp%2Fv2%2Fcategories&post=187069"},{"taxonomy":"post_tag","embeddable":true,"href":"https:\/\/archive.sana.sy\/es\/index.php?rest_route=%2Fwp%2Fv2%2Ftags&post=187069"}],"curies":[{"name":"wp","href":"https:\/\/api.w.org\/{rel}","templated":true}]}}