{"id":187089,"date":"2021-06-30T20:40:30","date_gmt":"2021-06-30T17:40:30","guid":{"rendered":"http:\/\/107.6.182.27\/es\/?p=187089"},"modified":"2021-06-30T20:51:58","modified_gmt":"2021-06-30T17:51:58","slug":"siria-y-sudafrica-debaten-vias-de-impulsar-la-accion-interparlamentaria","status":"publish","type":"post","link":"https:\/\/archive.sana.sy\/es\/?p=187089","title":{"rendered":"Siria y Sud\u00e1frica debaten v\u00edas de impulsar la acci\u00f3n interparlamentaria"},"content":{"rendered":"<p style=\"text-align: justify\"><span style=\"color: #800000\">Damasco, SANA<\/span><\/p>\n<p style=\"text-align: justify\">El presidente de la Asamblea del Pueblo, Hammouda Sabbagh, se reuni\u00f3 este mi\u00e9rcoles con el embajador de Sud\u00e1frica en Damasco, Barry Philip Gilder.<\/p>\n<p style=\"text-align: justify\">La reuni\u00f3n gir\u00f3 en torno a las v\u00edas de fortalecer las relaciones bilaterales y activar la acci\u00f3n interparlamentaria a trav\u00e9s de las visitas mutuas.<\/p>\n<p style=\"text-align: justify\">Sabbagh resalt\u00f3 la necesidad de que la opini\u00f3n p\u00fablica en Sud\u00e1frica conozca la realidad de lo que est\u00e1 ocurriendo en Siria.<\/p>\n<p style=\"text-align: justify\">El Embajador de Sud\u00e1frica valor\u00f3 a su vez las posturas de Siria en apoyo a su pa\u00eds en las instancias internacionales, y expres\u00f3 la disposici\u00f3n de impulsar la cooperaci\u00f3n binacional en los distintos campos, especialmente el parlamentario.<\/p>\n<p style=\"text-align: justify\">Asegur\u00f3 seguir trabajando para esclarecer a la opini\u00f3n p\u00fablica de su pa\u00eds la verdadera imagen de los sucesos en Siria, y denunci\u00f3 la campa\u00f1a de terguiversaci\u00f3n medi\u00e1tica que practican algunos medios de comunicaci\u00f3n contra el pa\u00eds levantino.<\/p>\n<p style=\"text-align: justify\">Confirm\u00f3 haber acompa\u00f1ado las elecciones presidenciales que tuvieron lugar hace poco en Siria, y manifest\u00f3 su aprecio por la buena marcha del proceso electoral.<\/p>\n<p style=\"text-align: justify\"><span style=\"color: #0000ff\"><em><strong>la<\/strong><\/em><\/span><\/p>\n","protected":false},"excerpt":{"rendered":"<p>Damasco, SANA El presidente de la Asamblea del Pueblo, Hammouda Sabbagh, se reuni\u00f3 este mi\u00e9rcoles con el embajador de Sud\u00e1frica en Damasco, Barry Philip Gilder. La reuni\u00f3n gir\u00f3 en torno a las v\u00edas de fortalecer las relaciones bilaterales y activar la acci\u00f3n interparlamentaria a trav\u00e9s de las visitas mutuas. Sabbagh resalt\u00f3 la necesidad de que &hellip;<\/p>\n","protected":false},"author":24,"featured_media":187090,"comment_status":"closed","ping_status":"closed","sticky":false,"template":"","format":"standard","meta":{"footnotes":""},"categories":[597,476],"tags":[],"class_list":["post-187089","post","type-post","status-publish","format-standard","has-post-thumbnail","","category-cinta-de-noticias","category-locales"],"_links":{"self":[{"href":"https:\/\/archive.sana.sy\/es\/index.php?rest_route=\/wp\/v2\/posts\/187089"}],"collection":[{"href":"https:\/\/archive.sana.sy\/es\/index.php?rest_route=\/wp\/v2\/posts"}],"about":[{"href":"https:\/\/archive.sana.sy\/es\/index.php?rest_route=\/wp\/v2\/types\/post"}],"author":[{"embeddable":true,"href":"https:\/\/archive.sana.sy\/es\/index.php?rest_route=\/wp\/v2\/users\/24"}],"replies":[{"embeddable":true,"href":"https:\/\/archive.sana.sy\/es\/index.php?rest_route=%2Fwp%2Fv2%2Fcomments&post=187089"}],"version-history":[{"count":0,"href":"https:\/\/archive.sana.sy\/es\/index.php?rest_route=\/wp\/v2\/posts\/187089\/revisions"}],"wp:featuredmedia":[{"embeddable":true,"href":"https:\/\/archive.sana.sy\/es\/index.php?rest_route=\/wp\/v2\/media\/187090"}],"wp:attachment":[{"href":"https:\/\/archive.sana.sy\/es\/index.php?rest_route=%2Fwp%2Fv2%2Fmedia&parent=187089"}],"wp:term":[{"taxonomy":"category","embeddable":true,"href":"https:\/\/archive.sana.sy\/es\/index.php?rest_route=%2Fwp%2Fv2%2Fcategories&post=187089"},{"taxonomy":"post_tag","embeddable":true,"href":"https:\/\/archive.sana.sy\/es\/index.php?rest_route=%2Fwp%2Fv2%2Ftags&post=187089"}],"curies":[{"name":"wp","href":"https:\/\/api.w.org\/{rel}","templated":true}]}}