{"id":187092,"date":"2021-06-30T19:15:44","date_gmt":"2021-06-30T16:15:44","guid":{"rendered":"http:\/\/107.6.182.27\/es\/?p=187092"},"modified":"2021-06-30T19:23:53","modified_gmt":"2021-06-30T16:23:53","slug":"la-conferencia-de-reforma-administrativa-concluye-sus-sesiones-en-damasco","status":"publish","type":"post","link":"https:\/\/archive.sana.sy\/es\/?p=187092","title":{"rendered":"La Conferencia de Reforma Administrativa concluye sus sesiones en Damasco"},"content":{"rendered":"<p style=\"text-align: justify\"><span style=\"color: #800000\">Damasco, SANA<\/span><\/p>\n<p style=\"text-align: justify\">A lo largo de diez d\u00edas, los participantes en la Conferencia de Reforma Administrativa, que se llev\u00f3 a cabo bajo el lema &#8220;Gesti\u00f3n Eficaz hacia Instituciones Din\u00e1micas&#8221;, debatieron una visi\u00f3n nacional com\u00fan para construir direcciones e instituciones m\u00e1s din\u00e1micos.<\/p>\n<p style=\"text-align: justify\">En la clausura de la conferencia que fue celebrada por el Ministerio de Desarrollo Administrativo en el Palacio de Conferencias en Damasco, el debate se centr\u00f3 en la necesidad de mejorar el sector de recursos humanos y fijar est\u00e1ndares justos y profesionales para las convocatorias de trabajo.<\/p>\n<p style=\"text-align: justify\">El proyecto de reforma administrativa se lanz\u00f3 a mediados de 2017 como una acci\u00f3n nacional basada en la visi\u00f3n del presidente Bashar al-Assad y su anhelo de desarrollar el desempe\u00f1o del sector administrativo y el trabajo institucional de los ministerios, e instituciones p\u00fablicas en la etapa poscrisis.<\/p>\n<p style=\"text-align: justify\"><span style=\"color: #0000ff\"><em><strong>la<\/strong><\/em><\/span><\/p>\n","protected":false},"excerpt":{"rendered":"<p>Damasco, SANA A lo largo de diez d\u00edas, los participantes en la Conferencia de Reforma Administrativa, que se llev\u00f3 a cabo bajo el lema &#8220;Gesti\u00f3n Eficaz hacia Instituciones Din\u00e1micas&#8221;, debatieron una visi\u00f3n nacional com\u00fan para construir direcciones e instituciones m\u00e1s din\u00e1micos. En la clausura de la conferencia que fue celebrada por el Ministerio de Desarrollo &hellip;<\/p>\n","protected":false},"author":24,"featured_media":187093,"comment_status":"closed","ping_status":"closed","sticky":false,"template":"","format":"standard","meta":{"footnotes":""},"categories":[597,476,7541],"tags":[],"class_list":["post-187092","post","type-post","status-publish","format-standard","has-post-thumbnail","","category-cinta-de-noticias","category-locales","category-ultimas-noticias"],"_links":{"self":[{"href":"https:\/\/archive.sana.sy\/es\/index.php?rest_route=\/wp\/v2\/posts\/187092"}],"collection":[{"href":"https:\/\/archive.sana.sy\/es\/index.php?rest_route=\/wp\/v2\/posts"}],"about":[{"href":"https:\/\/archive.sana.sy\/es\/index.php?rest_route=\/wp\/v2\/types\/post"}],"author":[{"embeddable":true,"href":"https:\/\/archive.sana.sy\/es\/index.php?rest_route=\/wp\/v2\/users\/24"}],"replies":[{"embeddable":true,"href":"https:\/\/archive.sana.sy\/es\/index.php?rest_route=%2Fwp%2Fv2%2Fcomments&post=187092"}],"version-history":[{"count":0,"href":"https:\/\/archive.sana.sy\/es\/index.php?rest_route=\/wp\/v2\/posts\/187092\/revisions"}],"wp:featuredmedia":[{"embeddable":true,"href":"https:\/\/archive.sana.sy\/es\/index.php?rest_route=\/wp\/v2\/media\/187093"}],"wp:attachment":[{"href":"https:\/\/archive.sana.sy\/es\/index.php?rest_route=%2Fwp%2Fv2%2Fmedia&parent=187092"}],"wp:term":[{"taxonomy":"category","embeddable":true,"href":"https:\/\/archive.sana.sy\/es\/index.php?rest_route=%2Fwp%2Fv2%2Fcategories&post=187092"},{"taxonomy":"post_tag","embeddable":true,"href":"https:\/\/archive.sana.sy\/es\/index.php?rest_route=%2Fwp%2Fv2%2Ftags&post=187092"}],"curies":[{"name":"wp","href":"https:\/\/api.w.org\/{rel}","templated":true}]}}