{"id":187104,"date":"2021-06-30T20:28:13","date_gmt":"2021-06-30T17:28:13","guid":{"rendered":"http:\/\/107.6.182.27\/es\/?p=187104"},"modified":"2023-01-12T14:40:58","modified_gmt":"2023-01-12T12:40:58","slug":"atentado-terrorista-contra-en-bagdad-deja-a-siete-civiles-heridos","status":"publish","type":"post","link":"https:\/\/archive.sana.sy\/es\/?p=187104","title":{"rendered":"Atentado terrorista en Bagdad deja a siete civiles heridos"},"content":{"rendered":"<p><span style=\"color: #800000;\">Bagdad, SANA<\/span><\/p>\n<p style=\"text-align: justify;\">Las fuerzas de Seguridad de Irak informaron que siete personas resultaron heridas este mi\u00e9rcoles por un atentado terrorista que tuvo como objetivo un mercado al este de la capital iraqu\u00ed, Bagdad.<\/p>\n<p style=\"text-align: justify;\">\u201cUna explosi\u00f3n tuvo lugar en el mercado de la zona de Al Mahabes, en la ciudad de Sadr, hiri\u00f3 a siete civiles\u201d, detall\u00f3 una fuente de seguridad iraqu\u00ed.<\/p>\n<p style=\"text-align: justify;\">Anteriormente, las fuerzas iraqu\u00edes eliminaron a un terrorista mientras intentaba volar dos torres de energ\u00eda el\u00e9ctrica en la provincia de Diyala, al este de la capital, Bagdad.<\/p>\n<p style=\"text-align: justify;\"><em>mm<\/em><\/p>\n","protected":false},"excerpt":{"rendered":"<p>Bagdad, SANA Las fuerzas de Seguridad de Irak informaron que siete personas resultaron heridas este mi\u00e9rcoles por un atentado terrorista que tuvo como objetivo un mercado al este de la capital iraqu\u00ed, Bagdad. \u201cUna explosi\u00f3n tuvo lugar en el mercado de la zona de Al Mahabes, en la ciudad de Sadr, hiri\u00f3 a siete civiles\u201d, &hellip;<\/p>\n","protected":false},"author":36,"featured_media":85550,"comment_status":"closed","ping_status":"closed","sticky":false,"template":"","format":"standard","meta":{"footnotes":""},"categories":[597,456,457],"tags":[],"class_list":["post-187104","post","type-post","status-publish","format-standard","has-post-thumbnail","","category-cinta-de-noticias","category-arabe-internacional-politica","category-noticias-arabe-internacional-politica"],"_links":{"self":[{"href":"https:\/\/archive.sana.sy\/es\/index.php?rest_route=\/wp\/v2\/posts\/187104"}],"collection":[{"href":"https:\/\/archive.sana.sy\/es\/index.php?rest_route=\/wp\/v2\/posts"}],"about":[{"href":"https:\/\/archive.sana.sy\/es\/index.php?rest_route=\/wp\/v2\/types\/post"}],"author":[{"embeddable":true,"href":"https:\/\/archive.sana.sy\/es\/index.php?rest_route=\/wp\/v2\/users\/36"}],"replies":[{"embeddable":true,"href":"https:\/\/archive.sana.sy\/es\/index.php?rest_route=%2Fwp%2Fv2%2Fcomments&post=187104"}],"version-history":[{"count":0,"href":"https:\/\/archive.sana.sy\/es\/index.php?rest_route=\/wp\/v2\/posts\/187104\/revisions"}],"wp:featuredmedia":[{"embeddable":true,"href":"https:\/\/archive.sana.sy\/es\/index.php?rest_route=\/wp\/v2\/media\/85550"}],"wp:attachment":[{"href":"https:\/\/archive.sana.sy\/es\/index.php?rest_route=%2Fwp%2Fv2%2Fmedia&parent=187104"}],"wp:term":[{"taxonomy":"category","embeddable":true,"href":"https:\/\/archive.sana.sy\/es\/index.php?rest_route=%2Fwp%2Fv2%2Fcategories&post=187104"},{"taxonomy":"post_tag","embeddable":true,"href":"https:\/\/archive.sana.sy\/es\/index.php?rest_route=%2Fwp%2Fv2%2Ftags&post=187104"}],"curies":[{"name":"wp","href":"https:\/\/api.w.org\/{rel}","templated":true}]}}