{"id":187126,"date":"2021-07-01T07:44:03","date_gmt":"2021-07-01T04:44:03","guid":{"rendered":"http:\/\/107.6.182.27\/es\/?p=187126"},"modified":"2021-07-01T07:44:03","modified_gmt":"2021-07-01T04:44:03","slug":"exitosas-conversaciones-sobre-comercio-e-inversion-entre-las-camaras-de-comercio-de-siria-y-jordania","status":"publish","type":"post","link":"https:\/\/archive.sana.sy\/es\/?p=187126","title":{"rendered":"Exitosas conversaciones sobre comercio e inversi\u00f3n entre las c\u00e1maras de comercio de Siria y Jordania"},"content":{"rendered":"<p style=\"text-align: justify;\"><strong><span style=\"color: #800000;\">Amman, SANA<\/span><\/strong><\/p>\n<p style=\"text-align: justify;\">La Federaci\u00f3n de C\u00e1maras de Comercio de Siria y la C\u00e1mara de Comercio de Jordania sostuvieron conversaciones comerciales exitosas que se centraron en v\u00edas de intensificar los esfuerzos para superar los obst\u00e1culos que enfrenta el movimiento comercial entre los dos pa\u00edses, lo que tendr\u00eda impacto negativo en sus intereses comunes.<\/p>\n<p style=\"text-align: justify;\">Durante el encuentro, que se celebr\u00f3 hoy en Amm\u00e1n, las dos partes destacaron la necesidad de que las relaciones econ\u00f3micas alcancen un alto nivel de coordinaci\u00f3n, cooperaci\u00f3n e integraci\u00f3n, que repercute en sus intereses comunes.<br \/>\nEnfatizaron la importancia de la apertura de nuevas perspectivas de cooperaci\u00f3n econ\u00f3mica y la superaci\u00f3n de obst\u00e1culos, especialmente los relacionados con el transporte de tr\u00e1nsito.<\/p>\n<p style=\"text-align: justify;\">El jefe de la Federaci\u00f3n de C\u00e1maras de Comercio de Siria, Muhammad al-Lahham, consider\u00f3 que el tr\u00e1nsito es la arteria econ\u00f3mica para el intercambio y transporte de mercanc\u00edas a trav\u00e9s de los territorios de los dos pa\u00edses, y destac\u00f3 el importante papel de la zona franca conjunta cuya reapertura jugar\u00e1 un papel importante para incrementar el intercambio comercial y establecer proyectos conjuntos.<\/p>\n<p style=\"text-align: justify;\">Por su parte, el vicepresidente de la Federaci\u00f3n de C\u00e1maras Sirias, Amer Hamwi, destac\u00f3 que Siria dispondr\u00e1 pronto de un entorno muy bueno para la inversi\u00f3n, y acogi\u00f3 bien la participaci\u00f3n jordana en proyectos de reconstrucci\u00f3n, especialmente en el sector de la contrataci\u00f3n y la vivienda, adem\u00e1s de beneficiarse de la experiencia jordana en el sector de la tecnolog\u00eda de la informaci\u00f3n y la digitalizaci\u00f3n.<\/p>\n<p style=\"text-align: justify;\">El jefe de la C\u00e1mara de Comercio de Jordania, Nael Kabariti, destac\u00f3 que la recuperaci\u00f3n del movimiento comercial jordano-sirio como lo era antes es un inter\u00e9s com\u00fan para las econom\u00edas de los dos pa\u00edses.<\/p>\n<p style=\"text-align: justify;\">Explic\u00f3 que su pa\u00eds es un punto importante para Siria en t\u00e9rminos de tr\u00e1nsito de bienes y productos b\u00e1sicos a los pa\u00edses del Golfo \u00c1rabe, al igual que Siria es importante para que el comercio de Jordania llegue a los mercados europeos, Turqu\u00eda y L\u00edbano.<\/p>\n<p style=\"text-align: justify;\">A su vez, el primer vicepresidente de la C\u00e1mara de Comercio de Jordania, Jamal Al-Rifai, destac\u00f3 la necesidad de trasladar las relaciones comerciales a perspectivas m\u00e1s amplias durante el pr\u00f3ximo per\u00edodo.<\/p>\n<p style=\"text-align: justify;\"><em><strong><span style=\"color: #0000ff;\">fm\/ed<\/span><\/strong><\/em><\/p>\n","protected":false},"excerpt":{"rendered":"<p>Amman, SANA La Federaci\u00f3n de C\u00e1maras de Comercio de Siria y la C\u00e1mara de Comercio de Jordania sostuvieron conversaciones comerciales exitosas que se centraron en v\u00edas de intensificar los esfuerzos para superar los obst\u00e1culos que enfrenta el movimiento comercial entre los dos pa\u00edses, lo que tendr\u00eda impacto negativo en sus intereses comunes. Durante el encuentro, &hellip;<\/p>\n","protected":false},"author":32,"featured_media":187127,"comment_status":"closed","ping_status":"closed","sticky":false,"template":"","format":"standard","meta":{"footnotes":""},"categories":[597,467,7541],"tags":[],"class_list":["post-187126","post","type-post","status-publish","format-standard","has-post-thumbnail","","category-cinta-de-noticias","category-siria-y-el-mundo","category-ultimas-noticias"],"_links":{"self":[{"href":"https:\/\/archive.sana.sy\/es\/index.php?rest_route=\/wp\/v2\/posts\/187126"}],"collection":[{"href":"https:\/\/archive.sana.sy\/es\/index.php?rest_route=\/wp\/v2\/posts"}],"about":[{"href":"https:\/\/archive.sana.sy\/es\/index.php?rest_route=\/wp\/v2\/types\/post"}],"author":[{"embeddable":true,"href":"https:\/\/archive.sana.sy\/es\/index.php?rest_route=\/wp\/v2\/users\/32"}],"replies":[{"embeddable":true,"href":"https:\/\/archive.sana.sy\/es\/index.php?rest_route=%2Fwp%2Fv2%2Fcomments&post=187126"}],"version-history":[{"count":0,"href":"https:\/\/archive.sana.sy\/es\/index.php?rest_route=\/wp\/v2\/posts\/187126\/revisions"}],"wp:featuredmedia":[{"embeddable":true,"href":"https:\/\/archive.sana.sy\/es\/index.php?rest_route=\/wp\/v2\/media\/187127"}],"wp:attachment":[{"href":"https:\/\/archive.sana.sy\/es\/index.php?rest_route=%2Fwp%2Fv2%2Fmedia&parent=187126"}],"wp:term":[{"taxonomy":"category","embeddable":true,"href":"https:\/\/archive.sana.sy\/es\/index.php?rest_route=%2Fwp%2Fv2%2Fcategories&post=187126"},{"taxonomy":"post_tag","embeddable":true,"href":"https:\/\/archive.sana.sy\/es\/index.php?rest_route=%2Fwp%2Fv2%2Ftags&post=187126"}],"curies":[{"name":"wp","href":"https:\/\/api.w.org\/{rel}","templated":true}]}}