{"id":187129,"date":"2021-07-01T07:50:46","date_gmt":"2021-07-01T04:50:46","guid":{"rendered":"http:\/\/107.6.182.27\/es\/?p=187129"},"modified":"2023-01-10T14:27:50","modified_gmt":"2023-01-10T12:27:50","slug":"ocupante-turco-y-sus-mercenarios-perpetran-cambio-demografico-en-afrin-al-norte-de-alepo","status":"publish","type":"post","link":"https:\/\/archive.sana.sy\/es\/?p=187129","title":{"rendered":"Ocupante turco y sus mercenarios perpetran cambio demogr\u00e1fico en Afrin, al norte de Alepo"},"content":{"rendered":"<p style=\"text-align: justify;\"><strong><span style=\"color: #800000;\">Alepo, SANA<\/span><\/strong><\/p>\n<p style=\"text-align: justify;\">Las fuerzas de ocupaci\u00f3n turcas, en coordinaci\u00f3n y cooperaci\u00f3n con las organizaciones terroristas que patrocinan y apoyan en las zonas ocupadas del norte de Siria, continuaron sus acciones de robo de tierras, confiscaci\u00f3n de viviendas y propiedades, y construcci\u00f3n de viviendas para albergar a los terroristas y sus familias, en el marco de un cambio demogr\u00e1fico sistem\u00e1tico en la regi\u00f3n.<\/p>\n<p style=\"text-align: justify;\">Activistas locales y medios de comunicaci\u00f3n informaron que el ocupante y sus terroristas de la denominada &#8220;Legi\u00f3n del Levante\u201d se apoderaron de granjas de oliva y granadas entre las aldeas de Basuta y Karzila, donde cortaron los olivos, arrasaron la tierra y cortaron la carretera Afrin-Basuta, con el objetivo de establecer una base militar del ocupante turco y unidades de vivienda para albergar a las familias de los terroristas que vinieron de diferentes provincias tras rechazar la reconciliaci\u00f3n con el Estado sirio.<\/p>\n<p style=\"text-align: justify;\">Por otro lado, la agrupaci\u00f3n radical llamada &#8220;Divisi\u00f3n Hamza&#8221;, af\u00edn al r\u00e9gimen de Hermandad Musulmana en Turqu\u00eda, convoc\u00f3 a los alcaldes de las localidades de Maarat, Kazeh, Kfardali y Fawqani, y exigi\u00f3 que contaran las propiedades de las personas desplazadas por la fuerza de las \u00e1reas mencionadas con el objetivo de apoderarse de ellas por completo.<\/p>\n<p style=\"text-align: justify;\">En el mismo contexto, afirmaron que el grupo terrorista &#8220;Suleiman Shah&#8221; se apoder\u00f3 el 15 de este mes de una tierra de dos hect\u00e1reas en la localidad de Sheikh Hadid del campo de Afrin, para construir un sal\u00f3n de bodas y viviendas para familias de los terroristas.<\/p>\n<p style=\"text-align: justify;\">Asimismo, los medios indicaron que las fuerzas turcas trabajan para construir siete aldeas que ser\u00e1n entregadas a las familias de sus grupos terroristas a trav\u00e9s de la Fundaci\u00f3n Turca para la Gesti\u00f3n de Desastres y Emergencias que obtiene los fondos necesarios para ello de los reg\u00edmenes del Golfo y las organizaciones internacionales.<\/p>\n<p style=\"text-align: justify;\">\nBajo el pretexto de mantener la seguridad en las zonas controladas por terroristas, hombres armados del llamado grupo terrorista &#8220;Legi\u00f3n del Levante&#8221; obligaron a varias familias de la ciudad de Tadef a abandonar sus casas para convertirlas en cuarteles militares.<\/p>\n<p style=\"text-align: justify;\">En los \u00faltimos meses, m\u00e1s de 250 mil familias de terroristas leales al r\u00e9gimen turco se asentaron en casas y propiedades de la gente desplazada de Afrin, adem\u00e1s de dar nombres turcos a las calles, escuelas y sedes de servicio, y abrir sucursales de universidades turcas, imponer el idioma turco en los planes de estudio, as\u00ed como el uso de la lira turca en esas \u00e1reas.<\/p>\n<p style=\"text-align: justify;\"><strong><span style=\"color: #0000ff;\">fm\/ed<\/span><\/strong><\/p>\n","protected":false},"excerpt":{"rendered":"<p>Alepo, SANA Las fuerzas de ocupaci\u00f3n turcas, en coordinaci\u00f3n y cooperaci\u00f3n con las organizaciones terroristas que patrocinan y apoyan en las zonas ocupadas del norte de Siria, continuaron sus acciones de robo de tierras, confiscaci\u00f3n de viviendas y propiedades, y construcci\u00f3n de viviendas para albergar a los terroristas y sus familias, en el marco de &hellip;<\/p>\n","protected":false},"author":32,"featured_media":137263,"comment_status":"closed","ping_status":"closed","sticky":false,"template":"","format":"standard","meta":{"footnotes":""},"categories":[477,447,597,476,7541],"tags":[],"class_list":["post-187129","post","type-post","status-publish","format-standard","has-post-thumbnail","","category-noticias-edulcorantes","category-local-politica","category-cinta-de-noticias","category-locales","category-ultimas-noticias"],"_links":{"self":[{"href":"https:\/\/archive.sana.sy\/es\/index.php?rest_route=\/wp\/v2\/posts\/187129"}],"collection":[{"href":"https:\/\/archive.sana.sy\/es\/index.php?rest_route=\/wp\/v2\/posts"}],"about":[{"href":"https:\/\/archive.sana.sy\/es\/index.php?rest_route=\/wp\/v2\/types\/post"}],"author":[{"embeddable":true,"href":"https:\/\/archive.sana.sy\/es\/index.php?rest_route=\/wp\/v2\/users\/32"}],"replies":[{"embeddable":true,"href":"https:\/\/archive.sana.sy\/es\/index.php?rest_route=%2Fwp%2Fv2%2Fcomments&post=187129"}],"version-history":[{"count":0,"href":"https:\/\/archive.sana.sy\/es\/index.php?rest_route=\/wp\/v2\/posts\/187129\/revisions"}],"wp:featuredmedia":[{"embeddable":true,"href":"https:\/\/archive.sana.sy\/es\/index.php?rest_route=\/wp\/v2\/media\/137263"}],"wp:attachment":[{"href":"https:\/\/archive.sana.sy\/es\/index.php?rest_route=%2Fwp%2Fv2%2Fmedia&parent=187129"}],"wp:term":[{"taxonomy":"category","embeddable":true,"href":"https:\/\/archive.sana.sy\/es\/index.php?rest_route=%2Fwp%2Fv2%2Fcategories&post=187129"},{"taxonomy":"post_tag","embeddable":true,"href":"https:\/\/archive.sana.sy\/es\/index.php?rest_route=%2Fwp%2Fv2%2Ftags&post=187129"}],"curies":[{"name":"wp","href":"https:\/\/api.w.org\/{rel}","templated":true}]}}