{"id":187136,"date":"2021-07-01T08:03:54","date_gmt":"2021-07-01T05:03:54","guid":{"rendered":"http:\/\/107.6.182.27\/es\/?p=187136"},"modified":"2021-07-01T08:03:54","modified_gmt":"2021-07-01T05:03:54","slug":"siria-confirma-36-nuevos-casos-con-nuevo-coronavirus","status":"publish","type":"post","link":"https:\/\/archive.sana.sy\/es\/?p=187136","title":{"rendered":"Siria confirma 36 \u00a0nuevos casos con nuevo Coronavirus"},"content":{"rendered":"<p style=\"text-align: justify;\"><strong><span style=\"color: #800000;\">Damasco, SANA<\/span><\/strong><\/p>\n<p style=\"text-align: justify;\">El Ministerio de Salud de Siria report\u00f3 en las \u00faltimas 24 horas, 36 nuevos casos de Covid-19, ocho recuperados y tres muertos por el virus.<\/p>\n<p style=\"text-align: justify;\">\u00a0De acuerdo a una nota del Ministerio, la cifra de infectados a nivel nacional ascendi\u00f3 a 25.515, incluidos 21.825 casos de recuperaci\u00f3n y 1,876 muertes.<\/p>\n<p style=\"text-align: justify;\">Siria report\u00f3 el primer caso del nuevo Coronavirus el 22 de marzo del a\u00f1o pasado.<\/p>\n<p style=\"text-align: justify;\"><em><strong><span style=\"color: #0000ff;\">ed\/fm<\/span><\/strong><\/em><\/p>\n","protected":false},"excerpt":{"rendered":"<p>Damasco, SANA El Ministerio de Salud de Siria report\u00f3 en las \u00faltimas 24 horas, 36 nuevos casos de Covid-19, ocho recuperados y tres muertos por el virus. \u00a0De acuerdo a una nota del Ministerio, la cifra de infectados a nivel nacional ascendi\u00f3 a 25.515, incluidos 21.825 casos de recuperaci\u00f3n y 1,876 muertes. Siria report\u00f3 el &hellip;<\/p>\n","protected":false},"author":32,"featured_media":187137,"comment_status":"closed","ping_status":"closed","sticky":false,"template":"","format":"standard","meta":{"footnotes":""},"categories":[477,597,476,7541],"tags":[],"class_list":["post-187136","post","type-post","status-publish","format-standard","has-post-thumbnail","","category-noticias-edulcorantes","category-cinta-de-noticias","category-locales","category-ultimas-noticias"],"_links":{"self":[{"href":"https:\/\/archive.sana.sy\/es\/index.php?rest_route=\/wp\/v2\/posts\/187136"}],"collection":[{"href":"https:\/\/archive.sana.sy\/es\/index.php?rest_route=\/wp\/v2\/posts"}],"about":[{"href":"https:\/\/archive.sana.sy\/es\/index.php?rest_route=\/wp\/v2\/types\/post"}],"author":[{"embeddable":true,"href":"https:\/\/archive.sana.sy\/es\/index.php?rest_route=\/wp\/v2\/users\/32"}],"replies":[{"embeddable":true,"href":"https:\/\/archive.sana.sy\/es\/index.php?rest_route=%2Fwp%2Fv2%2Fcomments&post=187136"}],"version-history":[{"count":0,"href":"https:\/\/archive.sana.sy\/es\/index.php?rest_route=\/wp\/v2\/posts\/187136\/revisions"}],"wp:featuredmedia":[{"embeddable":true,"href":"https:\/\/archive.sana.sy\/es\/index.php?rest_route=\/wp\/v2\/media\/187137"}],"wp:attachment":[{"href":"https:\/\/archive.sana.sy\/es\/index.php?rest_route=%2Fwp%2Fv2%2Fmedia&parent=187136"}],"wp:term":[{"taxonomy":"category","embeddable":true,"href":"https:\/\/archive.sana.sy\/es\/index.php?rest_route=%2Fwp%2Fv2%2Fcategories&post=187136"},{"taxonomy":"post_tag","embeddable":true,"href":"https:\/\/archive.sana.sy\/es\/index.php?rest_route=%2Fwp%2Fv2%2Ftags&post=187136"}],"curies":[{"name":"wp","href":"https:\/\/api.w.org\/{rel}","templated":true}]}}