{"id":187139,"date":"2021-07-01T08:10:20","date_gmt":"2021-07-01T05:10:20","guid":{"rendered":"http:\/\/107.6.182.27\/es\/?p=187139"},"modified":"2023-01-10T15:33:28","modified_gmt":"2023-01-10T13:33:28","slug":"titulares-de-la-agencia-sana-1-de-julio","status":"publish","type":"post","link":"https:\/\/archive.sana.sy\/es\/?p=187139","title":{"rendered":"Titulares de la agencia SANA, 1 de julio"},"content":{"rendered":"<p style=\"text-align: justify;\"><strong><span style=\"color: #800000;\">Damasco, SANA\u00a0<\/span><\/strong><\/p>\n<p>????????Conferencia de Reforma Administrativa concluye sus sesiones en Damasco.<\/p>\n<p>????????Siria y Sud\u00e1frica debaten v\u00edas de impulsar la acci\u00f3n interparlamentaria.<\/p>\n<p>????????CSNU extiende mandato del UNDOF en el Gol\u00e1n sirio ocupado.<\/p>\n<p style=\"text-align: justify;\">????????Gobierno intensifica trabajo para asegurar agua potable a habitantes de Hasakeh.<\/p>\n<p style=\"text-align: justify;\">????????Siria e Irak debaten cooperaci\u00f3n conjunta en materia de reconstrucci\u00f3n.<\/p>\n<p style=\"text-align: justify;\">????????Plan integral para restaurar los mercados del Viejo Alepo.<\/p>\n<p style=\"text-align: justify;\">????????Soldados sionistas arrestan arbitrariamente a 17 palestinos en Cisjordania.<\/p>\n<p style=\"text-align: justify;\">????????Cinco pozos de agua potable vuelven a funcionar en zonas liberadas de Idlib.<\/p>\n<p style=\"text-align: justify;\">????????Patriarca Yazigi y Afram exigen levantamiento del bloqueo impuesto a Siria durante su encuentro con el Papa Francisco.<\/p>\n<p style=\"text-align: justify;\">????????Mosc\u00fa: la entrega de ayuda humanitaria debe ser a trav\u00e9s de organismos internacionales y del Gobierno sirio.<\/p>\n<p style=\"text-align: justify;\">????????La zona de al-Ghab en Hama produc\u00eda m\u00e1s de 22 mil toneladas de algod\u00f3n antes de la crisis.<\/p>\n<p style=\"text-align: justify;\">???????? Comienza la temporada estival de cosecha de miel en Salamiyah\/Hama.<\/p>\n<p style=\"text-align: justify;\">????????Atentado terrorista en Bagdad deja a siete civiles heridos.<\/p>\n<p style=\"text-align: justify;\">????????Exigen salvar la vida del prisionero palestino Ghazanfar Abu Atwan.<\/p>\n","protected":false},"excerpt":{"rendered":"<p>Damasco, SANA\u00a0 ????????Conferencia de Reforma Administrativa concluye sus sesiones en Damasco. ????????Siria y Sud\u00e1frica debaten v\u00edas de impulsar la acci\u00f3n interparlamentaria. ????????CSNU extiende mandato del UNDOF en el Gol\u00e1n sirio ocupado. ????????Gobierno intensifica trabajo para asegurar agua potable a habitantes de Hasakeh. ????????Siria e Irak debaten cooperaci\u00f3n conjunta en materia de reconstrucci\u00f3n. ????????Plan integral para &hellip;<\/p>\n","protected":false},"author":32,"featured_media":185511,"comment_status":"closed","ping_status":"closed","sticky":false,"template":"","format":"standard","meta":{"footnotes":""},"categories":[447,555,597],"tags":[],"class_list":["post-187139","post","type-post","status-publish","format-standard","has-post-thumbnail","","category-local-politica","category-prensa","category-cinta-de-noticias"],"_links":{"self":[{"href":"https:\/\/archive.sana.sy\/es\/index.php?rest_route=\/wp\/v2\/posts\/187139"}],"collection":[{"href":"https:\/\/archive.sana.sy\/es\/index.php?rest_route=\/wp\/v2\/posts"}],"about":[{"href":"https:\/\/archive.sana.sy\/es\/index.php?rest_route=\/wp\/v2\/types\/post"}],"author":[{"embeddable":true,"href":"https:\/\/archive.sana.sy\/es\/index.php?rest_route=\/wp\/v2\/users\/32"}],"replies":[{"embeddable":true,"href":"https:\/\/archive.sana.sy\/es\/index.php?rest_route=%2Fwp%2Fv2%2Fcomments&post=187139"}],"version-history":[{"count":0,"href":"https:\/\/archive.sana.sy\/es\/index.php?rest_route=\/wp\/v2\/posts\/187139\/revisions"}],"wp:featuredmedia":[{"embeddable":true,"href":"https:\/\/archive.sana.sy\/es\/index.php?rest_route=\/wp\/v2\/media\/185511"}],"wp:attachment":[{"href":"https:\/\/archive.sana.sy\/es\/index.php?rest_route=%2Fwp%2Fv2%2Fmedia&parent=187139"}],"wp:term":[{"taxonomy":"category","embeddable":true,"href":"https:\/\/archive.sana.sy\/es\/index.php?rest_route=%2Fwp%2Fv2%2Fcategories&post=187139"},{"taxonomy":"post_tag","embeddable":true,"href":"https:\/\/archive.sana.sy\/es\/index.php?rest_route=%2Fwp%2Fv2%2Ftags&post=187139"}],"curies":[{"name":"wp","href":"https:\/\/api.w.org\/{rel}","templated":true}]}}