{"id":187169,"date":"2021-07-01T16:30:53","date_gmt":"2021-07-01T13:30:53","guid":{"rendered":"http:\/\/107.6.182.27\/es\/?p=187169"},"modified":"2021-07-01T17:06:36","modified_gmt":"2021-07-01T14:06:36","slug":"presidente-al-assad-examina-con-enviado-del-presidente-ruso-las-relaciones-estrategicas-entre-los-dos-paises","status":"publish","type":"post","link":"https:\/\/archive.sana.sy\/es\/?p=187169","title":{"rendered":"Presidente al-Assad examina con enviado del presidente ruso las relaciones estrat\u00e9gicas entre los dos pa\u00edses"},"content":{"rendered":"<p style=\"text-align: justify;\"><span style=\"color: #800000;\">Damasco, SANA<\/span><\/p>\n<p style=\"text-align: justify;\">El presidente Bashar al-Assad, recibi\u00f3 hoy a Alexander Lavrentiev, el enviado especial del presidente ruso, Vladimir Putin, y su delegaci\u00f3n acompa\u00f1ante.<\/p>\n<p style=\"text-align: justify;\">Las conversaciones durante la reuni\u00f3n se centraron en las relaciones estrat\u00e9gicas entre Siria y la Federaci\u00f3n de Rusia, y las \u00e1reas de cooperaci\u00f3n bilateral.<\/p>\n<p style=\"text-align: justify;\">Se enfatiz\u00f3 el inter\u00e9s conjunto y la prioridad otorgada por las dos partes para extender esta cooperaci\u00f3n en todas las \u00e1reas que contribuyan al logro de los intereses de los dos pueblos amigos.<\/p>\n<p style=\"text-align: justify;\">Tambi\u00e9n, examinaron las \u00faltimas evoluciones de la situaci\u00f3n en la regi\u00f3n y los esfuerzos realizados por Rusia para apoyar al pueblo sirio frente al terrorismo y las sanciones.<\/p>\n<p style=\"text-align: justify;\">Aseguraron que la firme posici\u00f3n rusa toma en cuenta la necesidad de respetar los principios del derecho internacional, la soberan\u00eda de los Estados y la voluntad de sus pueblos, adem\u00e1s de adoptar el di\u00e1logo como premisa b\u00e1sica y \u00fanica para encontrar soluciones a los problemas y crisis en el mundo.<\/p>\n<p style=\"text-align: justify;\">Tambi\u00e9n, se trataron los \u00faltimos desarrollos en la v\u00eda pol\u00edtica, sea los relacionados con las reuniones de Astan\u00e1 o las reuniones del Comit\u00e9 de Discusi\u00f3n de la Constituci\u00f3n. En este sentido, Lavrentiev explic\u00f3 al presidente al-Assad los preparativos en curso para la celebraci\u00f3n de la pr\u00f3xima reuni\u00f3n del proceso de Astan\u00e1, y se destac\u00f3 la necesidad de seguir trabajando en esta v\u00eda sin ninguna interferencia externa que pueda impedir el alcance de resultados positivos a trav\u00e9s de estas reuniones.<\/p>\n<p><span style=\"color: #0000ff;\">fm\/rr<\/span><\/p>\n<div id='gallery-1' class='gallery galleryid-187169 gallery-columns-1 gallery-size-full'><figure class='gallery-item'>\n\t\t\t<div class='gallery-icon landscape'>\n\t\t\t\t<a href='https:\/\/archive.sana.sy\/es\/wp-content\/uploads\/2021\/07\/02-1-scaled.jpg'><img loading=\"lazy\" decoding=\"async\" width=\"2560\" height=\"1514\" src=\"https:\/\/archive.sana.sy\/es\/wp-content\/uploads\/2021\/07\/02-1-scaled.jpg\" class=\"attachment-full size-full\" alt=\"\" srcset=\"https:\/\/archive.sana.sy\/es\/wp-content\/uploads\/2021\/07\/02-1-scaled.jpg 2560w, https:\/\/archive.sana.sy\/es\/wp-content\/uploads\/2021\/07\/02-1-300x177.jpg 300w, https:\/\/archive.sana.sy\/es\/wp-content\/uploads\/2021\/07\/02-1-1024x606.jpg 1024w, https:\/\/archive.sana.sy\/es\/wp-content\/uploads\/2021\/07\/02-1-150x89.jpg 150w, https:\/\/archive.sana.sy\/es\/wp-content\/uploads\/2021\/07\/02-1-768x454.jpg 768w, https:\/\/archive.sana.sy\/es\/wp-content\/uploads\/2021\/07\/02-1-1536x908.jpg 1536w, https:\/\/archive.sana.sy\/es\/wp-content\/uploads\/2021\/07\/02-1-2048x1211.jpg 2048w\" sizes=\"(max-width: 2560px) 100vw, 2560px\" \/><\/a>\n\t\t\t<\/div><\/figure>\n\t\t<\/div>\n\n","protected":false},"excerpt":{"rendered":"<p>Damasco, SANA El presidente Bashar al-Assad, recibi\u00f3 hoy a Alexander Lavrentiev, el enviado especial del presidente ruso, Vladimir Putin, y su delegaci\u00f3n acompa\u00f1ante. Las conversaciones durante la reuni\u00f3n se centraron en las relaciones estrat\u00e9gicas entre Siria y la Federaci\u00f3n de Rusia, y las \u00e1reas de cooperaci\u00f3n bilateral. Se enfatiz\u00f3 el inter\u00e9s conjunto y la prioridad &hellip;<\/p>\n","protected":false},"author":31,"featured_media":187171,"comment_status":"closed","ping_status":"closed","sticky":false,"template":"","format":"standard","meta":{"footnotes":""},"categories":[597,476,467,583],"tags":[],"class_list":["post-187169","post","type-post","status-publish","format-standard","has-post-thumbnail","","category-cinta-de-noticias","category-locales","category-siria-y-el-mundo","category-slide"],"_links":{"self":[{"href":"https:\/\/archive.sana.sy\/es\/index.php?rest_route=\/wp\/v2\/posts\/187169"}],"collection":[{"href":"https:\/\/archive.sana.sy\/es\/index.php?rest_route=\/wp\/v2\/posts"}],"about":[{"href":"https:\/\/archive.sana.sy\/es\/index.php?rest_route=\/wp\/v2\/types\/post"}],"author":[{"embeddable":true,"href":"https:\/\/archive.sana.sy\/es\/index.php?rest_route=\/wp\/v2\/users\/31"}],"replies":[{"embeddable":true,"href":"https:\/\/archive.sana.sy\/es\/index.php?rest_route=%2Fwp%2Fv2%2Fcomments&post=187169"}],"version-history":[{"count":0,"href":"https:\/\/archive.sana.sy\/es\/index.php?rest_route=\/wp\/v2\/posts\/187169\/revisions"}],"wp:featuredmedia":[{"embeddable":true,"href":"https:\/\/archive.sana.sy\/es\/index.php?rest_route=\/wp\/v2\/media\/187171"}],"wp:attachment":[{"href":"https:\/\/archive.sana.sy\/es\/index.php?rest_route=%2Fwp%2Fv2%2Fmedia&parent=187169"}],"wp:term":[{"taxonomy":"category","embeddable":true,"href":"https:\/\/archive.sana.sy\/es\/index.php?rest_route=%2Fwp%2Fv2%2Fcategories&post=187169"},{"taxonomy":"post_tag","embeddable":true,"href":"https:\/\/archive.sana.sy\/es\/index.php?rest_route=%2Fwp%2Fv2%2Ftags&post=187169"}],"curies":[{"name":"wp","href":"https:\/\/api.w.org\/{rel}","templated":true}]}}