{"id":187178,"date":"2021-07-01T18:21:30","date_gmt":"2021-07-01T15:21:30","guid":{"rendered":"http:\/\/107.6.182.27\/es\/?p=187178"},"modified":"2021-07-01T18:25:13","modified_gmt":"2021-07-01T15:25:13","slug":"primer-ministro-se-reune-con-el-presidente-de-los-sindicatos-de-contratistas-iraquies-y-arabes","status":"publish","type":"post","link":"https:\/\/archive.sana.sy\/es\/?p=187178","title":{"rendered":"Primer Ministro se re\u00fane con el presidente de los sindicatos de contratistas iraqu\u00edes y \u00e1rabes"},"content":{"rendered":"<p style=\"text-align: justify;\"><span style=\"color: #800000;\"><strong>Damasco, SANA<\/strong><\/span><\/p>\n<p style=\"text-align: justify;\">Durante su reuni\u00f3n hoy con el Presidente de los sindicatos de contratistas iraqu\u00edes y \u00e1rabes, Ali Fakher al-Sanafi, el Jefe del Gabinete, Hussein Arnous, destac\u00f3 el rol de los contratistas en t\u00e9rminos de la construcci\u00f3n y edificaci\u00f3n, especialmente en la fase de reconstrucci\u00f3n de lo que fue destruido por el terrorismo en Siria e Iraq.<\/p>\n<p style=\"text-align: justify;\">El Primer Ministro llam\u00f3 a fortalecer la cooperaci\u00f3n conjunta entre los contratistas \u00e1rabes y sirios y a establecer empresas mixtas de beneficio mutuo.<\/p>\n<p style=\"text-align: justify;\">Arnous indic\u00f3 que el gobierno sirio est\u00e1 dispuesto a dar facilitaciones a cualquier paso positivo que pueda contribuir a la reconstrucci\u00f3n de lo destruido por el terrorismo que se dirigi\u00f3 a los sectores de servicios, desarrollo, salud y educaci\u00f3n.<\/p>\n<p style=\"text-align: justify;\">Asimismo, ratific\u00f3 que el sector privado es un verdadero socio del sector p\u00fablico para lograr la estabilidad econ\u00f3mica, adem\u00e1s de su papel en garantizar puestos de trabajo, especialmente en el sector de la contrataci\u00f3n.<\/p>\n<p style=\"text-align: justify;\">Por su parte, al-Sanafi dijo que la visita de la delegaci\u00f3n de contratistas \u00e1rabes e iraqu\u00edes a Siria tiene por objetivo examinar las propuestas para trabajar conjuntamente con los contratistas en Siria, adem\u00e1s de establecer la base adecuada para implementar verdaderas sinergias por el bien de ambos partes.<\/p>\n<p style=\"text-align: justify;\">\u201cInvitamos a todos los contratistas \u00e1rabes a venir y participar en todos los campos de la reconstrucci\u00f3n en Siria\u201d, agreg\u00f3 al-Sanafi.<\/p>\n<p style=\"text-align: justify;\"><span style=\"color: #0000ff;\"><strong>ah\/rsh<\/strong><\/span><\/p>\n","protected":false},"excerpt":{"rendered":"<p>Damasco, SANA Durante su reuni\u00f3n hoy con el Presidente de los sindicatos de contratistas iraqu\u00edes y \u00e1rabes, Ali Fakher al-Sanafi, el Jefe del Gabinete, Hussein Arnous, destac\u00f3 el rol de los contratistas en t\u00e9rminos de la construcci\u00f3n y edificaci\u00f3n, especialmente en la fase de reconstrucci\u00f3n de lo que fue destruido por el terrorismo en Siria &hellip;<\/p>\n","protected":false},"author":30,"featured_media":187179,"comment_status":"closed","ping_status":"closed","sticky":false,"template":"","format":"standard","meta":{"footnotes":""},"categories":[597,467,7541],"tags":[19231],"class_list":["post-187178","post","type-post","status-publish","format-standard","has-post-thumbnail","","category-cinta-de-noticias","category-siria-y-el-mundo","category-ultimas-noticias","tag-primer-ministro-se-reune-con-el-presidente-de-los-sindicatos-de-contratistas-iraquies-y-arabes"],"_links":{"self":[{"href":"https:\/\/archive.sana.sy\/es\/index.php?rest_route=\/wp\/v2\/posts\/187178"}],"collection":[{"href":"https:\/\/archive.sana.sy\/es\/index.php?rest_route=\/wp\/v2\/posts"}],"about":[{"href":"https:\/\/archive.sana.sy\/es\/index.php?rest_route=\/wp\/v2\/types\/post"}],"author":[{"embeddable":true,"href":"https:\/\/archive.sana.sy\/es\/index.php?rest_route=\/wp\/v2\/users\/30"}],"replies":[{"embeddable":true,"href":"https:\/\/archive.sana.sy\/es\/index.php?rest_route=%2Fwp%2Fv2%2Fcomments&post=187178"}],"version-history":[{"count":0,"href":"https:\/\/archive.sana.sy\/es\/index.php?rest_route=\/wp\/v2\/posts\/187178\/revisions"}],"wp:featuredmedia":[{"embeddable":true,"href":"https:\/\/archive.sana.sy\/es\/index.php?rest_route=\/wp\/v2\/media\/187179"}],"wp:attachment":[{"href":"https:\/\/archive.sana.sy\/es\/index.php?rest_route=%2Fwp%2Fv2%2Fmedia&parent=187178"}],"wp:term":[{"taxonomy":"category","embeddable":true,"href":"https:\/\/archive.sana.sy\/es\/index.php?rest_route=%2Fwp%2Fv2%2Fcategories&post=187178"},{"taxonomy":"post_tag","embeddable":true,"href":"https:\/\/archive.sana.sy\/es\/index.php?rest_route=%2Fwp%2Fv2%2Ftags&post=187178"}],"curies":[{"name":"wp","href":"https:\/\/api.w.org\/{rel}","templated":true}]}}