{"id":187181,"date":"2021-07-01T18:00:27","date_gmt":"2021-07-01T15:00:27","guid":{"rendered":"http:\/\/107.6.182.27\/es\/?p=187181"},"modified":"2021-07-01T18:31:58","modified_gmt":"2021-07-01T15:31:58","slug":"siria-y-argelia-examinan-desarrollar-las-relaciones-bilaterales","status":"publish","type":"post","link":"https:\/\/archive.sana.sy\/es\/?p=187181","title":{"rendered":"Siria y Argelia examinan desarrollar las relaciones bilaterales"},"content":{"rendered":"<p style=\"text-align: justify;\"><span style=\"color: #800000;\"><strong>Damasco, SANA<\/strong><\/span><\/p>\n<p style=\"text-align: justify;\">El Ministro de Exteriores y Expatriados de Siria, Faisal al-Mekdad, en una llama telef\u00f3nica con Sabri Boukadoum Ministro de Exteriores de Argelia, examin\u00f3 el desarrollo de los acontecimientos en la regi\u00f3n \u00e1rabe y el mundo, as\u00ed como las relaciones bilaterales entre los dos pa\u00edses hermanos y las v\u00edas de potenciarlas en beneficio de ambos pueblos.<\/p>\n<p style=\"text-align: justify;\">El Canciller al-Mekdad felicit\u00f3 a su par argelino por las recientes elecciones legislativas en Argelia reafirmando el apoyo de los sirios a los hermanos argelinos en sus eventos constitucionales y en sus empe\u00f1os por lograr la prosperidad de la hermana Argelia.<\/p>\n<p style=\"text-align: justify;\">Durante la conversaci\u00f3n, al-Mekdad pas\u00f3 revista a los acontecimientos en Siria, ratificando la persistencia de los sirios a combatir el terrorismo y restaurar la seguridad y la estabilidad en todo el territorio nacional sirio.<\/p>\n<p style=\"text-align: justify;\">Se\u00f1al\u00f3 que los enemigos de Siria no lograr\u00e1n con la pol\u00edtica lo que no pudieron lograr en el campo de batalla.<\/p>\n<p style=\"text-align: justify;\">Al-Meqdad esboz\u00f3 a su hom\u00f3logo argelino la posici\u00f3n de Siria sobre los intentos de Occidente de politizar el expediente de la ayuda humanitaria, subrayando que Siria rechaza cualquier violaci\u00f3n de sus fronteras desde cualquier lado y bajo cualquier pretexto.<\/p>\n<p style=\"text-align: justify;\">\u201cSiria es la m\u00e1s dispuesta a prestar la asistencia a sus ciudadanos dondequiera que se encuentren, siempre que se garantice que llegar\u00e1 a sus beneficiarios y no ser\u00e1 explotada por terroristas para prolongar la guerra\u201d, indic\u00f3.<\/p>\n<p style=\"text-align: justify;\">Por su parte, Boukadoum destac\u00f3 la importancia de las relaciones con Siria para Argelia, reiterando el apoyo de su pa\u00eds a Siria en su guerra antiterrorista y sus esfuerzos por recuperar la seguridad y estabilidad en todos sus territorios.<\/p>\n<p style=\"text-align: justify;\">Asimismo, el canciller argelino expres\u00f3 la disposici\u00f3n de su pa\u00eds a promover la coordinaci\u00f3n mutua sobre asuntos locales y regionales, en consonancia con las relaciones hist\u00f3ricas entre los dos pa\u00edses hermanos.<\/p>\n<p style=\"text-align: justify;\">Ambas partes subrayaron la importancia de fortalecer las consultas entre los pa\u00edses \u00e1rabes para crear una postura \u00e1rabe unificada frente a los diversos desaf\u00edos que acechan a la regi\u00f3n \u00e1rabe.<\/p>\n<p style=\"text-align: justify;\">Al final de la conversaci\u00f3n, los dos partes acordaron mantenerse en contacto y celebrar consultas sobre las cuestiones de inter\u00e9s com\u00fan.<\/p>\n<p style=\"text-align: justify;\"><span style=\"color: #0000ff;\"><strong>ah\/rsh<\/strong><\/span><\/p>\n","protected":false},"excerpt":{"rendered":"<p>Damasco, SANA El Ministro de Exteriores y Expatriados de Siria, Faisal al-Mekdad, en una llama telef\u00f3nica con Sabri Boukadoum Ministro de Exteriores de Argelia, examin\u00f3 el desarrollo de los acontecimientos en la regi\u00f3n \u00e1rabe y el mundo, as\u00ed como las relaciones bilaterales entre los dos pa\u00edses hermanos y las v\u00edas de potenciarlas en beneficio de &hellip;<\/p>\n","protected":false},"author":30,"featured_media":187182,"comment_status":"closed","ping_status":"closed","sticky":false,"template":"","format":"standard","meta":{"footnotes":""},"categories":[597,467,7541],"tags":[],"class_list":["post-187181","post","type-post","status-publish","format-standard","has-post-thumbnail","","category-cinta-de-noticias","category-siria-y-el-mundo","category-ultimas-noticias"],"_links":{"self":[{"href":"https:\/\/archive.sana.sy\/es\/index.php?rest_route=\/wp\/v2\/posts\/187181"}],"collection":[{"href":"https:\/\/archive.sana.sy\/es\/index.php?rest_route=\/wp\/v2\/posts"}],"about":[{"href":"https:\/\/archive.sana.sy\/es\/index.php?rest_route=\/wp\/v2\/types\/post"}],"author":[{"embeddable":true,"href":"https:\/\/archive.sana.sy\/es\/index.php?rest_route=\/wp\/v2\/users\/30"}],"replies":[{"embeddable":true,"href":"https:\/\/archive.sana.sy\/es\/index.php?rest_route=%2Fwp%2Fv2%2Fcomments&post=187181"}],"version-history":[{"count":0,"href":"https:\/\/archive.sana.sy\/es\/index.php?rest_route=\/wp\/v2\/posts\/187181\/revisions"}],"wp:featuredmedia":[{"embeddable":true,"href":"https:\/\/archive.sana.sy\/es\/index.php?rest_route=\/wp\/v2\/media\/187182"}],"wp:attachment":[{"href":"https:\/\/archive.sana.sy\/es\/index.php?rest_route=%2Fwp%2Fv2%2Fmedia&parent=187181"}],"wp:term":[{"taxonomy":"category","embeddable":true,"href":"https:\/\/archive.sana.sy\/es\/index.php?rest_route=%2Fwp%2Fv2%2Fcategories&post=187181"},{"taxonomy":"post_tag","embeddable":true,"href":"https:\/\/archive.sana.sy\/es\/index.php?rest_route=%2Fwp%2Fv2%2Ftags&post=187181"}],"curies":[{"name":"wp","href":"https:\/\/api.w.org\/{rel}","templated":true}]}}