{"id":187184,"date":"2021-07-01T18:00:49","date_gmt":"2021-07-01T15:00:49","guid":{"rendered":"http:\/\/107.6.182.27\/es\/?p=187184"},"modified":"2021-07-01T18:37:55","modified_gmt":"2021-07-01T15:37:55","slug":"consejo-de-seguridad-renueva-por-seis-meses-la-mision-de-la-fnous-en-el-golan-sirio-ocupado","status":"publish","type":"post","link":"https:\/\/archive.sana.sy\/es\/?p=187184","title":{"rendered":"Consejo de Seguridad renueva por seis meses la misi\u00f3n de la FNOUS en el Gol\u00e1n sirio ocupado"},"content":{"rendered":"<p style=\"text-align: justify;\"><span style=\"color: #800000;\"><strong>Nueva York, SANA<\/strong><\/span><\/p>\n<p style=\"text-align: justify;\">El Consejo de Seguridad de las Naciones Unidas aprob\u00f3 por unanimidad renovar por seis meses la misi\u00f3n de la Fuerza de las Naciones Unidas de Observaci\u00f3n de la Separaci\u00f3n de las tropas en (FNOUS) en el Gol\u00e1n sirio ocupado.<\/p>\n<p style=\"text-align: justify;\">El Consejo de Seguridad prorrog\u00f3 el mandato de la misi\u00f3n de la FNOUS, que finaliza hoy, hasta el 31 de diciembre de 2021.<\/p>\n<p style=\"text-align: justify;\"><span style=\"color: #0000ff;\"><strong>ah\/rsh<\/strong><\/span><\/p>\n","protected":false},"excerpt":{"rendered":"<p>Nueva York, SANA El Consejo de Seguridad de las Naciones Unidas aprob\u00f3 por unanimidad renovar por seis meses la misi\u00f3n de la Fuerza de las Naciones Unidas de Observaci\u00f3n de la Separaci\u00f3n de las tropas en (FNOUS) en el Gol\u00e1n sirio ocupado. El Consejo de Seguridad prorrog\u00f3 el mandato de la misi\u00f3n de la FNOUS, &hellip;<\/p>\n","protected":false},"author":30,"featured_media":187186,"comment_status":"closed","ping_status":"closed","sticky":false,"template":"","format":"standard","meta":{"footnotes":""},"categories":[597,467,7541],"tags":[19232],"class_list":["post-187184","post","type-post","status-publish","format-standard","has-post-thumbnail","","category-cinta-de-noticias","category-siria-y-el-mundo","category-ultimas-noticias","tag-consejo-de-seguridad-renueva-por-seis-meses-la-mision-de-la-fnous-en-el-golan-sirio-ocupado"],"_links":{"self":[{"href":"https:\/\/archive.sana.sy\/es\/index.php?rest_route=\/wp\/v2\/posts\/187184"}],"collection":[{"href":"https:\/\/archive.sana.sy\/es\/index.php?rest_route=\/wp\/v2\/posts"}],"about":[{"href":"https:\/\/archive.sana.sy\/es\/index.php?rest_route=\/wp\/v2\/types\/post"}],"author":[{"embeddable":true,"href":"https:\/\/archive.sana.sy\/es\/index.php?rest_route=\/wp\/v2\/users\/30"}],"replies":[{"embeddable":true,"href":"https:\/\/archive.sana.sy\/es\/index.php?rest_route=%2Fwp%2Fv2%2Fcomments&post=187184"}],"version-history":[{"count":0,"href":"https:\/\/archive.sana.sy\/es\/index.php?rest_route=\/wp\/v2\/posts\/187184\/revisions"}],"wp:featuredmedia":[{"embeddable":true,"href":"https:\/\/archive.sana.sy\/es\/index.php?rest_route=\/wp\/v2\/media\/187186"}],"wp:attachment":[{"href":"https:\/\/archive.sana.sy\/es\/index.php?rest_route=%2Fwp%2Fv2%2Fmedia&parent=187184"}],"wp:term":[{"taxonomy":"category","embeddable":true,"href":"https:\/\/archive.sana.sy\/es\/index.php?rest_route=%2Fwp%2Fv2%2Fcategories&post=187184"},{"taxonomy":"post_tag","embeddable":true,"href":"https:\/\/archive.sana.sy\/es\/index.php?rest_route=%2Fwp%2Fv2%2Ftags&post=187184"}],"curies":[{"name":"wp","href":"https:\/\/api.w.org\/{rel}","templated":true}]}}