{"id":187282,"date":"2021-07-02T08:48:45","date_gmt":"2021-07-02T05:48:45","guid":{"rendered":"http:\/\/107.6.182.27\/es\/?p=187282"},"modified":"2021-07-02T08:48:45","modified_gmt":"2021-07-02T05:48:45","slug":"titulares-de-la-agencia-sana-2-de-julio","status":"publish","type":"post","link":"https:\/\/archive.sana.sy\/es\/?p=187282","title":{"rendered":"Titulares de la agencia SANA, 2 de julio"},"content":{"rendered":"<p style=\"text-align: justify;\"><span style=\"color: #800000;\"><strong>Damasco, SANA<\/strong><\/span><\/p>\n<p style=\"text-align: justify;\">????????Presidente al-Assad examina con enviado del presidente ruso las relaciones estrat\u00e9gicas entre los dos pa\u00edses<\/p>\n<p style=\"text-align: justify;\">????????Primer Ministro se re\u00fane con el presidente de los sindicatos de contratistas iraqu\u00edes y \u00e1rabes<\/p>\n<p style=\"text-align: justify;\">????????Siria y Argelia examinan desarrollar las relaciones bilaterales<\/p>\n<p style=\"text-align: justify;\">????????Consejo de Seguridad renueva por seis meses la misi\u00f3n de la FNOUS en el Gol\u00e1n sirio ocupado<\/p>\n<p style=\"text-align: justify;\">????????El r\u00e9gimen turco y la milicia FDS quieren matar de sed a la poblaci\u00f3n de Hasakeh<\/p>\n<p style=\"text-align: justify;\">????????EE.UU. clasifica al r\u00e9gimen turco en la lista de involucrados en el reclutamiento de ni\u00f1os<\/p>\n<p style=\"text-align: justify;\">????????Siria confirma 36 nuevos casos y tres muertos por Covid-19<\/p>\n<p style=\"text-align: justify;\">????????Mercenarios proturcos secuestran civiles en norte de Alepo y exigen rescates para liberarlos<\/p>\n<p style=\"text-align: justify;\">????????Conferencia de oftalmolog\u00eda desarrolla sus actividades en Damasco<\/p>\n<p style=\"text-align: justify;\">????????Eximen a sirios vacunados contra Covid-19 de prueba PCR<\/p>\n<p style=\"text-align: justify;\">????????Siria clasifica en el primer grupo en las eliminatorias asi\u00e1ticas para la Copa Mundial de F\u00fatbol<\/p>\n<p style=\"text-align: justify;\">????????Ocupaci\u00f3n israel\u00ed arresta arbitrariamente a 13 palestinos<\/p>\n<p style=\"text-align: justify;\">????????Ocupante turco y sus mercenarios perpetran cambio demogr\u00e1fico en Afrin, al norte de Alepo<\/p>\n<p style=\"text-align: justify;\">????????Exitosas conversaciones sobre comercio e inversi\u00f3n entre las c\u00e1maras de comercio de Siria y Jordania<\/p>\n<p style=\"text-align: justify;\">????????Nebenzia: la ayuda transfronteriza a Siria constituye violaci\u00f3n del derecho internacional<\/p>\n<p style=\"text-align: justify;\">\n","protected":false},"excerpt":{"rendered":"<p>Damasco, SANA ????????Presidente al-Assad examina con enviado del presidente ruso las relaciones estrat\u00e9gicas entre los dos pa\u00edses ????????Primer Ministro se re\u00fane con el presidente de los sindicatos de contratistas iraqu\u00edes y \u00e1rabes ????????Siria y Argelia examinan desarrollar las relaciones bilaterales ????????Consejo de Seguridad renueva por seis meses la misi\u00f3n de la FNOUS en el Gol\u00e1n &hellip;<\/p>\n","protected":false},"author":30,"featured_media":185050,"comment_status":"closed","ping_status":"closed","sticky":false,"template":"","format":"standard","meta":{"footnotes":""},"categories":[555,597,7541],"tags":[19233],"class_list":["post-187282","post","type-post","status-publish","format-standard","has-post-thumbnail","","category-prensa","category-cinta-de-noticias","category-ultimas-noticias","tag-titulares-de-la-agencia-sana-2-de-julio"],"_links":{"self":[{"href":"https:\/\/archive.sana.sy\/es\/index.php?rest_route=\/wp\/v2\/posts\/187282"}],"collection":[{"href":"https:\/\/archive.sana.sy\/es\/index.php?rest_route=\/wp\/v2\/posts"}],"about":[{"href":"https:\/\/archive.sana.sy\/es\/index.php?rest_route=\/wp\/v2\/types\/post"}],"author":[{"embeddable":true,"href":"https:\/\/archive.sana.sy\/es\/index.php?rest_route=\/wp\/v2\/users\/30"}],"replies":[{"embeddable":true,"href":"https:\/\/archive.sana.sy\/es\/index.php?rest_route=%2Fwp%2Fv2%2Fcomments&post=187282"}],"version-history":[{"count":0,"href":"https:\/\/archive.sana.sy\/es\/index.php?rest_route=\/wp\/v2\/posts\/187282\/revisions"}],"wp:featuredmedia":[{"embeddable":true,"href":"https:\/\/archive.sana.sy\/es\/index.php?rest_route=\/wp\/v2\/media\/185050"}],"wp:attachment":[{"href":"https:\/\/archive.sana.sy\/es\/index.php?rest_route=%2Fwp%2Fv2%2Fmedia&parent=187282"}],"wp:term":[{"taxonomy":"category","embeddable":true,"href":"https:\/\/archive.sana.sy\/es\/index.php?rest_route=%2Fwp%2Fv2%2Fcategories&post=187282"},{"taxonomy":"post_tag","embeddable":true,"href":"https:\/\/archive.sana.sy\/es\/index.php?rest_route=%2Fwp%2Fv2%2Ftags&post=187282"}],"curies":[{"name":"wp","href":"https:\/\/api.w.org\/{rel}","templated":true}]}}