{"id":187284,"date":"2021-07-02T10:36:05","date_gmt":"2021-07-02T07:36:05","guid":{"rendered":"http:\/\/107.6.182.27\/es\/?p=187284"},"modified":"2021-07-02T10:38:09","modified_gmt":"2021-07-02T07:38:09","slug":"parlamentario-checo-condena-practicas-de-regimen-turco-en-siria","status":"publish","type":"post","link":"https:\/\/archive.sana.sy\/es\/?p=187284","title":{"rendered":"Parlamentario checo condena pr\u00e1cticas de r\u00e9gimen turco en Siria"},"content":{"rendered":"<p style=\"text-align: justify;\"><span style=\"color: #800000;\"><strong>Praga, SANA<\/strong><\/span><\/p>\n<p style=\"text-align: justify;\">El vicepresidente del Partido Comunista Checo-Moraviano y jefe del Grupo de Amistad Parlamentaria de la Rep\u00fablica Checa con Siria, Stanislav Grosbi, conden\u00f3 las pr\u00e1cticas de la ocupaci\u00f3n turca y sus intentos de turquizar las zonas que ocupa en Siria y las calific\u00f3 de inaceptables.<\/p>\n<p style=\"text-align: justify;\">Grosbi, en una declaraci\u00f3n a SANA, aclar\u00f3 que el r\u00e9gimen de Erdogan pretende revivir \u201cel extinto Imperio Otomano\u201d mediante su respaldo al terrorismo y su ocupaci\u00f3n de territorios de pa\u00edses soberanos y robar sus riquezas.<\/p>\n<p style=\"text-align: justify;\">Se\u00f1al\u00f3 que \u201cla nueva pol\u00edtica otomana\u201d es una clara evidencia de la ideolog\u00eda criminal de este r\u00e9gimen.<\/p>\n<p style=\"text-align: justify;\">Agreg\u00f3 que las pr\u00e1cticas del ocupante turco en las \u00e1reas sirias que ocupa sin vergonzosas y completamente inaceptables, y exigi\u00f3 el apoyo de los comunistas checos y sindicalistas progresistas a los esfuerzos realizados por Siria para liberar sus territorios del terrorismo y de la ocupaci\u00f3n en sus diversas formas y nombres.<\/p>\n<p style=\"text-align: justify;\"><span style=\"color: #0000ff;\"><strong>sm\/fm<\/strong><\/span><\/p>\n","protected":false},"excerpt":{"rendered":"<p>Praga, SANA El vicepresidente del Partido Comunista Checo-Moraviano y jefe del Grupo de Amistad Parlamentaria de la Rep\u00fablica Checa con Siria, Stanislav Grosbi, conden\u00f3 las pr\u00e1cticas de la ocupaci\u00f3n turca y sus intentos de turquizar las zonas que ocupa en Siria y las calific\u00f3 de inaceptables. Grosbi, en una declaraci\u00f3n a SANA, aclar\u00f3 que el &hellip;<\/p>\n","protected":false},"author":39,"featured_media":187285,"comment_status":"closed","ping_status":"closed","sticky":false,"template":"","format":"standard","meta":{"footnotes":""},"categories":[597,467,7541],"tags":[],"class_list":["post-187284","post","type-post","status-publish","format-standard","has-post-thumbnail","","category-cinta-de-noticias","category-siria-y-el-mundo","category-ultimas-noticias"],"_links":{"self":[{"href":"https:\/\/archive.sana.sy\/es\/index.php?rest_route=\/wp\/v2\/posts\/187284"}],"collection":[{"href":"https:\/\/archive.sana.sy\/es\/index.php?rest_route=\/wp\/v2\/posts"}],"about":[{"href":"https:\/\/archive.sana.sy\/es\/index.php?rest_route=\/wp\/v2\/types\/post"}],"author":[{"embeddable":true,"href":"https:\/\/archive.sana.sy\/es\/index.php?rest_route=\/wp\/v2\/users\/39"}],"replies":[{"embeddable":true,"href":"https:\/\/archive.sana.sy\/es\/index.php?rest_route=%2Fwp%2Fv2%2Fcomments&post=187284"}],"version-history":[{"count":0,"href":"https:\/\/archive.sana.sy\/es\/index.php?rest_route=\/wp\/v2\/posts\/187284\/revisions"}],"wp:featuredmedia":[{"embeddable":true,"href":"https:\/\/archive.sana.sy\/es\/index.php?rest_route=\/wp\/v2\/media\/187285"}],"wp:attachment":[{"href":"https:\/\/archive.sana.sy\/es\/index.php?rest_route=%2Fwp%2Fv2%2Fmedia&parent=187284"}],"wp:term":[{"taxonomy":"category","embeddable":true,"href":"https:\/\/archive.sana.sy\/es\/index.php?rest_route=%2Fwp%2Fv2%2Fcategories&post=187284"},{"taxonomy":"post_tag","embeddable":true,"href":"https:\/\/archive.sana.sy\/es\/index.php?rest_route=%2Fwp%2Fv2%2Ftags&post=187284"}],"curies":[{"name":"wp","href":"https:\/\/api.w.org\/{rel}","templated":true}]}}