{"id":187288,"date":"2021-07-02T10:50:15","date_gmt":"2021-07-02T07:50:15","guid":{"rendered":"http:\/\/107.6.182.27\/es\/?p=187288"},"modified":"2023-01-12T14:40:58","modified_gmt":"2023-01-12T12:40:58","slug":"acusaciones-de-eeuu-son-descaradas-y-prueba-de-quiebra-politica-afirma-cuba","status":"publish","type":"post","link":"https:\/\/archive.sana.sy\/es\/?p=187288","title":{"rendered":"Acusaciones de EEUU son descaradas y prueba de quiebra pol\u00edtica, afirma Cuba"},"content":{"rendered":"<p style=\"text-align: justify;\"><span style=\"color: #800000;\"><strong>La Habana, SANA<\/strong><\/span><\/p>\n<p style=\"text-align: justify;\">El ministro de Relaciones Exteriores de Cuba, Bruno Rodr\u00edguez, denunci\u00f3 las acusaciones de su hom\u00f3logo estadounidense, Antony Blinken, sobre el tr\u00e1fico de personas y las describi\u00f3 de &#8220;injustas&#8221; y de un crimen contra los trabajadores del sector de salud cubano.<\/p>\n<p style=\"text-align: justify;\">El canciller cubano explic\u00f3 que estas acusaciones son &#8220;una descarada repetici\u00f3n de mentiras fabricadas&#8221; con el objetivo de justificar la pol\u00edtica hostil de EEUU contra la Isla, y, adem\u00e1s, es &#8220;una evidencia de quiebra pol\u00edtica\u201d.<\/p>\n<p style=\"text-align: justify;\">Blinken hab\u00eda presentado su informe anual sobre el tr\u00e1fico de personas, que incluye acusaciones infundadas contra Cuba que el informe llam\u00f3 \u201ctrabajo forzoso de m\u00e9dicos cubanos en el exterior\u201d.<\/p>\n<p style=\"text-align: justify;\"><strong><span style=\"color: #0000ff;\">sm\/fm<\/span><\/strong><\/p>\n","protected":false},"excerpt":{"rendered":"<p>La Habana, SANA El ministro de Relaciones Exteriores de Cuba, Bruno Rodr\u00edguez, denunci\u00f3 las acusaciones de su hom\u00f3logo estadounidense, Antony Blinken, sobre el tr\u00e1fico de personas y las describi\u00f3 de &#8220;injustas&#8221; y de un crimen contra los trabajadores del sector de salud cubano. El canciller cubano explic\u00f3 que estas acusaciones son &#8220;una descarada repetici\u00f3n de &hellip;<\/p>\n","protected":false},"author":39,"featured_media":187289,"comment_status":"closed","ping_status":"closed","sticky":false,"template":"","format":"standard","meta":{"footnotes":""},"categories":[597,456,7541],"tags":[],"class_list":["post-187288","post","type-post","status-publish","format-standard","has-post-thumbnail","","category-cinta-de-noticias","category-arabe-internacional-politica","category-ultimas-noticias"],"_links":{"self":[{"href":"https:\/\/archive.sana.sy\/es\/index.php?rest_route=\/wp\/v2\/posts\/187288"}],"collection":[{"href":"https:\/\/archive.sana.sy\/es\/index.php?rest_route=\/wp\/v2\/posts"}],"about":[{"href":"https:\/\/archive.sana.sy\/es\/index.php?rest_route=\/wp\/v2\/types\/post"}],"author":[{"embeddable":true,"href":"https:\/\/archive.sana.sy\/es\/index.php?rest_route=\/wp\/v2\/users\/39"}],"replies":[{"embeddable":true,"href":"https:\/\/archive.sana.sy\/es\/index.php?rest_route=%2Fwp%2Fv2%2Fcomments&post=187288"}],"version-history":[{"count":0,"href":"https:\/\/archive.sana.sy\/es\/index.php?rest_route=\/wp\/v2\/posts\/187288\/revisions"}],"wp:featuredmedia":[{"embeddable":true,"href":"https:\/\/archive.sana.sy\/es\/index.php?rest_route=\/wp\/v2\/media\/187289"}],"wp:attachment":[{"href":"https:\/\/archive.sana.sy\/es\/index.php?rest_route=%2Fwp%2Fv2%2Fmedia&parent=187288"}],"wp:term":[{"taxonomy":"category","embeddable":true,"href":"https:\/\/archive.sana.sy\/es\/index.php?rest_route=%2Fwp%2Fv2%2Fcategories&post=187288"},{"taxonomy":"post_tag","embeddable":true,"href":"https:\/\/archive.sana.sy\/es\/index.php?rest_route=%2Fwp%2Fv2%2Ftags&post=187288"}],"curies":[{"name":"wp","href":"https:\/\/api.w.org\/{rel}","templated":true}]}}