{"id":187291,"date":"2021-07-02T08:55:25","date_gmt":"2021-07-02T05:55:25","guid":{"rendered":"http:\/\/107.6.182.27\/es\/?p=187291"},"modified":"2023-01-12T14:40:58","modified_gmt":"2023-01-12T12:40:58","slug":"aviacion-israeli-lanza-nueva-agresion-contra-franja-de-gaza-2","status":"publish","type":"post","link":"https:\/\/archive.sana.sy\/es\/?p=187291","title":{"rendered":"Aviaci\u00f3n israel\u00ed lanza nueva agresi\u00f3n contra Franja de Gaza"},"content":{"rendered":"<p style=\"text-align: justify;\"><span style=\"color: #800000;\"><strong>Jerusal\u00e9n ocupada, SANA<\/strong><\/span><\/p>\n<p style=\"text-align: justify;\">La aviaci\u00f3n del ocupante israel\u00ed lanz\u00f3 en la v\u00edspera nueva agresi\u00f3n contra la asediada Franja de Gaza.<\/p>\n<p style=\"text-align: justify;\">Los medios palestinos divulgaron que la fuerza a\u00e9rea sionista lanz\u00f3 una serie de ataques con cohetes contra el oeste de la ciudad de Gaza, en el centro de la Franja, causando graves da\u00f1os a las propiedades de los palestinos y a la infraestructura.<\/p>\n<p style=\"text-align: justify;\">Diariamente la aviaci\u00f3n israel\u00ed y su artiller\u00eda atacan la asediada Franja, dejando varias bajas mortales, heridos y da\u00f1os considerables a la infraestructura.<\/p>\n<p style=\"text-align: justify;\"><span style=\"color: #0000ff;\"><strong>ah\/fm<\/strong><\/span><\/p>\n","protected":false},"excerpt":{"rendered":"<p>Jerusal\u00e9n ocupada, SANA La aviaci\u00f3n del ocupante israel\u00ed lanz\u00f3 en la v\u00edspera nueva agresi\u00f3n contra la asediada Franja de Gaza. Los medios palestinos divulgaron que la fuerza a\u00e9rea sionista lanz\u00f3 una serie de ataques con cohetes contra el oeste de la ciudad de Gaza, en el centro de la Franja, causando graves da\u00f1os a las &hellip;<\/p>\n","protected":false},"author":30,"featured_media":187292,"comment_status":"closed","ping_status":"closed","sticky":false,"template":"","format":"standard","meta":{"footnotes":""},"categories":[597,456,7541],"tags":[18974],"class_list":["post-187291","post","type-post","status-publish","format-standard","has-post-thumbnail","","category-cinta-de-noticias","category-arabe-internacional-politica","category-ultimas-noticias","tag-aviacion-israeli-lanza-nueva-agresion-contra-franja-de-gaza"],"_links":{"self":[{"href":"https:\/\/archive.sana.sy\/es\/index.php?rest_route=\/wp\/v2\/posts\/187291"}],"collection":[{"href":"https:\/\/archive.sana.sy\/es\/index.php?rest_route=\/wp\/v2\/posts"}],"about":[{"href":"https:\/\/archive.sana.sy\/es\/index.php?rest_route=\/wp\/v2\/types\/post"}],"author":[{"embeddable":true,"href":"https:\/\/archive.sana.sy\/es\/index.php?rest_route=\/wp\/v2\/users\/30"}],"replies":[{"embeddable":true,"href":"https:\/\/archive.sana.sy\/es\/index.php?rest_route=%2Fwp%2Fv2%2Fcomments&post=187291"}],"version-history":[{"count":0,"href":"https:\/\/archive.sana.sy\/es\/index.php?rest_route=\/wp\/v2\/posts\/187291\/revisions"}],"wp:featuredmedia":[{"embeddable":true,"href":"https:\/\/archive.sana.sy\/es\/index.php?rest_route=\/wp\/v2\/media\/187292"}],"wp:attachment":[{"href":"https:\/\/archive.sana.sy\/es\/index.php?rest_route=%2Fwp%2Fv2%2Fmedia&parent=187291"}],"wp:term":[{"taxonomy":"category","embeddable":true,"href":"https:\/\/archive.sana.sy\/es\/index.php?rest_route=%2Fwp%2Fv2%2Fcategories&post=187291"},{"taxonomy":"post_tag","embeddable":true,"href":"https:\/\/archive.sana.sy\/es\/index.php?rest_route=%2Fwp%2Fv2%2Ftags&post=187291"}],"curies":[{"name":"wp","href":"https:\/\/api.w.org\/{rel}","templated":true}]}}