{"id":187317,"date":"2021-07-02T15:11:42","date_gmt":"2021-07-02T12:11:42","guid":{"rendered":"http:\/\/107.6.182.27\/es\/?p=187317"},"modified":"2023-01-12T14:40:57","modified_gmt":"2023-01-12T12:40:57","slug":"atacan-convoy-estadounidense-en-irak","status":"publish","type":"post","link":"https:\/\/archive.sana.sy\/es\/?p=187317","title":{"rendered":"Atacan convoy estadounidense en Irak"},"content":{"rendered":"<p><span style=\"color: #800000;\">Bagdad, SANA<\/span><\/p>\n<p style=\"text-align: justify;\">Un artefacto explosivo apunt\u00f3 este viernes a un convoy de las fuerzas de la coalici\u00f3n lideradas por Estados Unidos en el centro de Irak.<\/p>\n<p style=\"text-align: justify;\">Seg\u00fan el portal informativo iraqu\u00ed Alsumaria, una fuente de seguridad se\u00f1al\u00f3 que el dispositivo \u2013colocado por desconocidos\u2013 explot\u00f3 al paso del convoy de apoyo log\u00edstico de las fuerzas de la coalici\u00f3n en la gobernaci\u00f3n de Salah Edin.<\/p>\n<p style=\"text-align: justify;\">Las provincias del centro y sur de Iraq han sido testigos durante meses de ataques continuos contra los convoyes estadounidenses, provocando p\u00e9rdidas humanas y da\u00f1os materiales.<\/p>\n<p><em>mm<\/em><\/p>\n","protected":false},"excerpt":{"rendered":"<p>Bagdad, SANA Un artefacto explosivo apunt\u00f3 este viernes a un convoy de las fuerzas de la coalici\u00f3n lideradas por Estados Unidos en el centro de Irak. Seg\u00fan el portal informativo iraqu\u00ed Alsumaria, una fuente de seguridad se\u00f1al\u00f3 que el dispositivo \u2013colocado por desconocidos\u2013 explot\u00f3 al paso del convoy de apoyo log\u00edstico de las fuerzas de &hellip;<\/p>\n","protected":false},"author":36,"featured_media":187318,"comment_status":"closed","ping_status":"closed","sticky":false,"template":"","format":"standard","meta":{"footnotes":""},"categories":[597,456,457],"tags":[],"class_list":["post-187317","post","type-post","status-publish","format-standard","has-post-thumbnail","","category-cinta-de-noticias","category-arabe-internacional-politica","category-noticias-arabe-internacional-politica"],"_links":{"self":[{"href":"https:\/\/archive.sana.sy\/es\/index.php?rest_route=\/wp\/v2\/posts\/187317"}],"collection":[{"href":"https:\/\/archive.sana.sy\/es\/index.php?rest_route=\/wp\/v2\/posts"}],"about":[{"href":"https:\/\/archive.sana.sy\/es\/index.php?rest_route=\/wp\/v2\/types\/post"}],"author":[{"embeddable":true,"href":"https:\/\/archive.sana.sy\/es\/index.php?rest_route=\/wp\/v2\/users\/36"}],"replies":[{"embeddable":true,"href":"https:\/\/archive.sana.sy\/es\/index.php?rest_route=%2Fwp%2Fv2%2Fcomments&post=187317"}],"version-history":[{"count":0,"href":"https:\/\/archive.sana.sy\/es\/index.php?rest_route=\/wp\/v2\/posts\/187317\/revisions"}],"wp:featuredmedia":[{"embeddable":true,"href":"https:\/\/archive.sana.sy\/es\/index.php?rest_route=\/wp\/v2\/media\/187318"}],"wp:attachment":[{"href":"https:\/\/archive.sana.sy\/es\/index.php?rest_route=%2Fwp%2Fv2%2Fmedia&parent=187317"}],"wp:term":[{"taxonomy":"category","embeddable":true,"href":"https:\/\/archive.sana.sy\/es\/index.php?rest_route=%2Fwp%2Fv2%2Fcategories&post=187317"},{"taxonomy":"post_tag","embeddable":true,"href":"https:\/\/archive.sana.sy\/es\/index.php?rest_route=%2Fwp%2Fv2%2Ftags&post=187317"}],"curies":[{"name":"wp","href":"https:\/\/api.w.org\/{rel}","templated":true}]}}