{"id":187321,"date":"2021-07-02T16:19:21","date_gmt":"2021-07-02T13:19:21","guid":{"rendered":"http:\/\/107.6.182.27\/es\/?p=187321"},"modified":"2021-07-02T19:42:23","modified_gmt":"2021-07-02T16:42:23","slug":"capital-bulgara-alberga-conferencia-de-prensa-sobre-practicas-y-crimenes-de-la-ocupacion-turca-en-siria","status":"publish","type":"post","link":"https:\/\/archive.sana.sy\/es\/?p=187321","title":{"rendered":"Sof\u00eda acoge conferencia de prensa sobre pr\u00e1cticas y cr\u00edmenes de la ocupaci\u00f3n turca en Siria"},"content":{"rendered":"<p style=\"text-align: justify;\"><strong><span style=\"color: #800000;\">Sof\u00eda, SANA<\/span><\/strong><\/p>\n<p style=\"text-align: justify;\">El Encargado de Negocios de la Embajada de Siria en Sof\u00eda, la capital de Bulgaria, Muhammad Muhammad, organiz\u00f3 una conferencia de prensa sobre los cr\u00edmenes y pr\u00e1cticas del r\u00e9gimen turco en las \u00e1reas que ocupa en Siria, especialmente las relacionadas con los intentos de turquizaci\u00f3n.<\/p>\n<p style=\"text-align: justify;\">Durante el acto celebrado en la sede del Sindicato de Periodistas B\u00falgaros, Muhammad se refiri\u00f3 al conspirativo papel del r\u00e9gimen turco contra Siria, que comenz\u00f3 con el patrocinio de terroristas, en t\u00e9rminos de brindar apoyo financiero y log\u00edstico, adem\u00e1s de cobertura de seguridad, medi\u00e1tica y pol\u00edtica ofrecida a los grupos extremistas.<\/p>\n<p style=\"text-align: justify;\">El diplom\u00e1tico ofreci\u00f3 una explicaci\u00f3n detallada sobre los m\u00e9todos adoptados por el r\u00e9gimen turco destinados al robo de recursos y riquezas del pueblo sirio, a\u00ed como la intervenci\u00f3n militar directa turca y su ocupaci\u00f3n de regiones sirias.<\/p>\n<p style=\"text-align: justify;\">Seg\u00fan Muhammad, el r\u00e9gimen de ocupaci\u00f3n turco est\u00e1 llevando a cabo campa\u00f1as que buscan producir un cambio geogr\u00e1fico, demogr\u00e1fico y cultural en las \u00e1reas bajo su ilegal control.<\/p>\n<p style=\"text-align: justify;\"><strong><span style=\"color: #0000ff;\">mm\/fm<\/span><\/strong><\/p>\n<p style=\"text-align: justify;\">\n","protected":false},"excerpt":{"rendered":"<p>Sof\u00eda, SANA El Encargado de Negocios de la Embajada de Siria en Sof\u00eda, la capital de Bulgaria, Muhammad Muhammad, organiz\u00f3 una conferencia de prensa sobre los cr\u00edmenes y pr\u00e1cticas del r\u00e9gimen turco en las \u00e1reas que ocupa en Siria, especialmente las relacionadas con los intentos de turquizaci\u00f3n. Durante el acto celebrado en la sede del &hellip;<\/p>\n","protected":false},"author":36,"featured_media":187322,"comment_status":"closed","ping_status":"closed","sticky":false,"template":"","format":"standard","meta":{"footnotes":""},"categories":[597,467,7541],"tags":[],"class_list":["post-187321","post","type-post","status-publish","format-standard","has-post-thumbnail","","category-cinta-de-noticias","category-siria-y-el-mundo","category-ultimas-noticias"],"_links":{"self":[{"href":"https:\/\/archive.sana.sy\/es\/index.php?rest_route=\/wp\/v2\/posts\/187321"}],"collection":[{"href":"https:\/\/archive.sana.sy\/es\/index.php?rest_route=\/wp\/v2\/posts"}],"about":[{"href":"https:\/\/archive.sana.sy\/es\/index.php?rest_route=\/wp\/v2\/types\/post"}],"author":[{"embeddable":true,"href":"https:\/\/archive.sana.sy\/es\/index.php?rest_route=\/wp\/v2\/users\/36"}],"replies":[{"embeddable":true,"href":"https:\/\/archive.sana.sy\/es\/index.php?rest_route=%2Fwp%2Fv2%2Fcomments&post=187321"}],"version-history":[{"count":0,"href":"https:\/\/archive.sana.sy\/es\/index.php?rest_route=\/wp\/v2\/posts\/187321\/revisions"}],"wp:featuredmedia":[{"embeddable":true,"href":"https:\/\/archive.sana.sy\/es\/index.php?rest_route=\/wp\/v2\/media\/187322"}],"wp:attachment":[{"href":"https:\/\/archive.sana.sy\/es\/index.php?rest_route=%2Fwp%2Fv2%2Fmedia&parent=187321"}],"wp:term":[{"taxonomy":"category","embeddable":true,"href":"https:\/\/archive.sana.sy\/es\/index.php?rest_route=%2Fwp%2Fv2%2Fcategories&post=187321"},{"taxonomy":"post_tag","embeddable":true,"href":"https:\/\/archive.sana.sy\/es\/index.php?rest_route=%2Fwp%2Fv2%2Ftags&post=187321"}],"curies":[{"name":"wp","href":"https:\/\/api.w.org\/{rel}","templated":true}]}}