{"id":187324,"date":"2021-07-02T16:33:46","date_gmt":"2021-07-02T13:33:46","guid":{"rendered":"http:\/\/107.6.182.27\/es\/?p=187324"},"modified":"2023-01-12T14:40:57","modified_gmt":"2023-01-12T12:40:57","slug":"bombardeos-saudies-dejan-6-civiles-heridos-en-yemen","status":"publish","type":"post","link":"https:\/\/archive.sana.sy\/es\/?p=187324","title":{"rendered":"Bombardeos saud\u00edes dejan 6 civiles heridos en Yemen"},"content":{"rendered":"<p><span style=\"color: #800000;\">San\u00e1, SANA<\/span><\/p>\n<p style=\"text-align: justify;\">Al menos 6 yemen\u00edes resultaron heridos, este viernes, como resultado de una redada de las fuerzas de la agesti\u00f3n saudita en la gobernaci\u00f3n de Saada, al noroeste del pa\u00eds, seg\u00fan inform\u00f3 el portal informativo yemenita de Al Masirah.<\/p>\n<p style=\"text-align: justify;\">Una fuente de seguridad detall\u00f3 que \u201clos aviones de guerra de la coalici\u00f3n agresora saudita bombardearon el \u00e1rea de Al Rako en el distrito fronterizo de Manbeh, hiriendo a seis civiles\u201d.<\/p>\n<p style=\"text-align: justify;\">Seg\u00fan la fuente, otros bombardeos saud\u00edes con misiles tuvieron como objetivo diferentes zonas en la regi\u00f3n de Ghafra del distrito de Al-Zaher.<\/p>\n<p style=\"text-align: justify;\">La agresi\u00f3n saudita contra el pueblo yemen\u00ed contin\u00faa, dejando decenas de miles de v\u00edctimas mortales y da\u00f1os masivos a la infraestructura en el pa\u00eds \u00e1rabe.<\/p>\n<p><em>mm<\/em><\/p>\n","protected":false},"excerpt":{"rendered":"<p>San\u00e1, SANA Al menos 6 yemen\u00edes resultaron heridos, este viernes, como resultado de una redada de las fuerzas de la agesti\u00f3n saudita en la gobernaci\u00f3n de Saada, al noroeste del pa\u00eds, seg\u00fan inform\u00f3 el portal informativo yemenita de Al Masirah. Una fuente de seguridad detall\u00f3 que \u201clos aviones de guerra de la coalici\u00f3n agresora saudita &hellip;<\/p>\n","protected":false},"author":36,"featured_media":187325,"comment_status":"closed","ping_status":"closed","sticky":false,"template":"","format":"standard","meta":{"footnotes":""},"categories":[597,456,457],"tags":[],"class_list":["post-187324","post","type-post","status-publish","format-standard","has-post-thumbnail","","category-cinta-de-noticias","category-arabe-internacional-politica","category-noticias-arabe-internacional-politica"],"_links":{"self":[{"href":"https:\/\/archive.sana.sy\/es\/index.php?rest_route=\/wp\/v2\/posts\/187324"}],"collection":[{"href":"https:\/\/archive.sana.sy\/es\/index.php?rest_route=\/wp\/v2\/posts"}],"about":[{"href":"https:\/\/archive.sana.sy\/es\/index.php?rest_route=\/wp\/v2\/types\/post"}],"author":[{"embeddable":true,"href":"https:\/\/archive.sana.sy\/es\/index.php?rest_route=\/wp\/v2\/users\/36"}],"replies":[{"embeddable":true,"href":"https:\/\/archive.sana.sy\/es\/index.php?rest_route=%2Fwp%2Fv2%2Fcomments&post=187324"}],"version-history":[{"count":0,"href":"https:\/\/archive.sana.sy\/es\/index.php?rest_route=\/wp\/v2\/posts\/187324\/revisions"}],"wp:featuredmedia":[{"embeddable":true,"href":"https:\/\/archive.sana.sy\/es\/index.php?rest_route=\/wp\/v2\/media\/187325"}],"wp:attachment":[{"href":"https:\/\/archive.sana.sy\/es\/index.php?rest_route=%2Fwp%2Fv2%2Fmedia&parent=187324"}],"wp:term":[{"taxonomy":"category","embeddable":true,"href":"https:\/\/archive.sana.sy\/es\/index.php?rest_route=%2Fwp%2Fv2%2Fcategories&post=187324"},{"taxonomy":"post_tag","embeddable":true,"href":"https:\/\/archive.sana.sy\/es\/index.php?rest_route=%2Fwp%2Fv2%2Ftags&post=187324"}],"curies":[{"name":"wp","href":"https:\/\/api.w.org\/{rel}","templated":true}]}}